{"id":246458,"date":"2026-08-04T23:58:20","date_gmt":"2026-08-04T23:58:20","guid":{"rendered":"https:\/\/www.europesays.com\/ch-fr\/246458\/"},"modified":"2026-08-04T23:58:20","modified_gmt":"2026-08-04T23:58:20","slug":"26-ans-apres-sa-sortie-cette-serie-culte-cree-un-boom-de-prenoms-chez-les-nouveaux-nes","status":"publish","type":"post","link":"https:\/\/www.europesays.com\/ch-fr\/246458\/","title":{"rendered":"26 ans apr\u00e8s sa sortie, cette s\u00e9rie culte cr\u00e9\u00e9 un boom de pr\u00e9noms chez les nouveaux-n\u00e9s"},"content":{"rendered":"<p>Il y a des s\u00e9ries qui marquent toute une g\u00e9n\u00e9ration. Gilmore Girls en fait clairement partie. Bonne nouvelle\u00a0: <a href=\"https:\/\/www.programme-tv.net\/news\/series-tv\/404103-netflix-va-t-elle-aussi-retirer-gilmore-girls-de-la-plateforme-en-france\/\" data-api-deeplink=\"teleloisirs:\/\/news\/404103\" rel=\"nofollow noopener\" target=\"_blank\">l\u2019int\u00e9grale de la s\u00e9rie est toujours disponible sur la plateforme de streaming Netflix, <\/a>et <a href=\"https:\/\/www.programme-tv.net\/news\/series-tv\/389048-gilmore-girls-je-ne-comprends-pas-lauren-graham-s-exprime-sur-la-fin-controversee-de-la-serie\/\" data-api-deeplink=\"teleloisirs:\/\/news\/389048\" rel=\"nofollow noopener\" target=\"_blank\">sa fin controvers\u00e9e fait toujours autant r\u00e9agir.<\/a><\/p>\n<p>Vingt-six ans apr\u00e8s la sortie de Gilmore Girls, la s\u00e9rie conna\u00eet un nouveau succ\u00e8s, puisqu\u2019elle a cr\u00e9\u00e9 un boom de pr\u00e9noms chez les nouveau-n\u00e9s. Il s&rsquo;agit du pr\u00e9nom Lorelai, qui a grimp\u00e9 dans le classement des pr\u00e9noms les plus populaires aux \u00c9tats-Unis. Dans la s\u00e9rie, Lorelai, la m\u00e8re de Rory, est jou\u00e9e par Lauren Graham.<\/p>\n<p>Lorelai fait un bond dans le classement des pr\u00e9noms les plus donn\u00e9s aux USA<\/p>\n<p>Parmi les parents qui ont donn\u00e9 le pr\u00e9nom Lorelai \u00e0 leur enfant, il y a des chances que certains aient \u00e9t\u00e9 berc\u00e9s par la s\u00e9rie qui se d\u00e9roulait \u00e0 Stars Hollow, ville fictive du Connecticut. Le pr\u00e9nom Lorelai offre aussi la possibilit\u00e9 de plusieurs surnoms\u00a0: Lori, Lora ou Rory, surnom de la fille de l&rsquo;h\u00e9ro\u00efne.<\/p>\n<p>Selon <a href=\"https:\/\/www.ssa.gov\/oact\/babynames\/popularity_increase.html?utm_source=chatgpt.com\" rel=\"nofollow noopener\" target=\"_blank\">le classement officiel de la S\u00e9curit\u00e9 sociale am\u00e9ricaine<\/a>, Lorelai a atteint la 333e place des pr\u00e9noms f\u00e9minins donn\u00e9s en 2025, aux \u00c9tats-Unis. Il occupait la 403e place un an auparavant, soit une progression de 70 places. En 2025, 926 petites filles ont \u00e9t\u00e9 pr\u00e9nomm\u00e9es ainsi, contre 786 en 2024, d\u2019apr\u00e8s l\u2019analyse des donn\u00e9es de la SSA r\u00e9alis\u00e9e par Nameberry.<\/p>\n<p>L\u2019orthographe alternative \u00ab\u00a0Lorelei\u00a0\u00bb est \u00e9galement couronn\u00e9e de succ\u00e8s, puisque le pr\u00e9nom est pass\u00e9 de la 454e place en 2024 \u00e0 la 441e en 2025, soit une progression de 13 places.<\/p>\n<p>Une suite \u00e0 Gilmore Girls est-elle pr\u00e9vue\u202f?<\/p>\n<p>Alors que de nombreuses s\u00e9ries ont fait leur retour sous la forme de reboot, <a href=\"https:\/\/www.programme-tv.net\/news\/series-tv\/340833-gilmore-girls-bientot-une-suite-lauren-graham-ne-ferme-pas-la-porte-mais\/\" data-api-deeplink=\"teleloisirs:\/\/news\/340833\" rel=\"nofollow noopener\" target=\"_blank\">Lauren Graham a relanc\u00e9 l\u2019id\u00e9e d\u2019une suite \u00e0 Gilmore Girls.<\/a> \u00ab\u00a0Je dis depuis longtemps que ce qui me semblerait logique, c\u2019est un film de No\u00ebl dans la lign\u00e9e de Downton Abbey ou de ce genre de s\u00e9ries qui sont termin\u00e9es, mais qui reviennent en force, surtout pendant les f\u00eates\u00a0\u00bb, a-t-elle d\u00e9clar\u00e9 aupr\u00e8s de The Hollywood Reporter.<\/p>\n<p>La com\u00e9dienne a ensuite pr\u00e9cis\u00e9\u00a0: \u00ab\u00a0Je pense que ce serait tr\u00e8s &lsquo;Gilmore friendly&rsquo;. De plus, ici aux \u00c9tats-Unis, nous manquons de programmes pour les f\u00eates. Le football am\u00e9ricain n\u2019est pas un programme de No\u00ebl\u00a0\u00bb. Pour le moment, aucun projet n\u2019est en cours.<\/p>\n<p>Article \u00e9crit avec la collaboration de 6m\u00e9dias.<\/p>\n","protected":false},"excerpt":{"rendered":"Il y a des s\u00e9ries qui marquent toute une g\u00e9n\u00e9ration. Gilmore Girls en fait clairement partie. Bonne nouvelle\u00a0:&hellip;\n","protected":false},"author":2,"featured_media":246459,"comment_status":"","ping_status":"","sticky":false,"template":"","format":"standard","meta":{"footnotes":"","_share_on_mastodon":"0"},"categories":[13],"tags":[54055,489,113,112,16485,54054,486,485,23,487,142],"class_list":["post-246458","post","type-post","status-publish","format-standard","has-post-thumbnail","category-television","tag-alexis-bledel","tag-commentaire","tag-divertissement","tag-entertainment","tag-gilmore-girls","tag-lauren-graham","tag-netflix","tag-pub-streaming-netflix","tag-suisse","tag-svod","tag-television"],"share_on_mastodon":{"url":"https:\/\/pubeurope.com\/@ch_fr\/117039956191603809","error":""},"_links":{"self":[{"href":"https:\/\/www.europesays.com\/ch-fr\/wp-json\/wp\/v2\/posts\/246458","targetHints":{"allow":["GET"]}}],"collection":[{"href":"https:\/\/www.europesays.com\/ch-fr\/wp-json\/wp\/v2\/posts"}],"about":[{"href":"https:\/\/www.europesays.com\/ch-fr\/wp-json\/wp\/v2\/types\/post"}],"author":[{"embeddable":true,"href":"https:\/\/www.europesays.com\/ch-fr\/wp-json\/wp\/v2\/users\/2"}],"replies":[{"embeddable":true,"href":"https:\/\/www.europesays.com\/ch-fr\/wp-json\/wp\/v2\/comments?post=246458"}],"version-history":[{"count":0,"href":"https:\/\/www.europesays.com\/ch-fr\/wp-json\/wp\/v2\/posts\/246458\/revisions"}],"wp:featuredmedia":[{"embeddable":true,"href":"https:\/\/www.europesays.com\/ch-fr\/wp-json\/wp\/v2\/media\/246459"}],"wp:attachment":[{"href":"https:\/\/www.europesays.com\/ch-fr\/wp-json\/wp\/v2\/media?parent=246458"}],"wp:term":[{"taxonomy":"category","embeddable":true,"href":"https:\/\/www.europesays.com\/ch-fr\/wp-json\/wp\/v2\/categories?post=246458"},{"taxonomy":"post_tag","embeddable":true,"href":"https:\/\/www.europesays.com\/ch-fr\/wp-json\/wp\/v2\/tags?post=246458"}],"curies":[{"name":"wp","href":"https:\/\/api.w.org\/{rel}","templated":true}]}}