{"id":249000,"date":"2026-08-06T17:41:19","date_gmt":"2026-08-06T17:41:19","guid":{"rendered":"https:\/\/www.europesays.com\/ch-fr\/249000\/"},"modified":"2026-08-06T17:41:19","modified_gmt":"2026-08-06T17:41:19","slug":"mouxy-moustiques-limportance-deviter-leau-stagnante-le-dauphine-libere","status":"publish","type":"post","link":"https:\/\/www.europesays.com\/ch-fr\/249000\/","title":{"rendered":"Mouxy. Moustiques : l\u2019importance d\u2019\u00e9viter l\u2019eau stagnante &#8211; Le Dauphin\u00e9 Lib\u00e9r\u00e9"},"content":{"rendered":"<p><a href=\"https:\/\/news.google.com\/rss\/articles\/CBMiogFBVV95cUxQd1hQV054RWxWdExNNFNiTldJaWVReV9pbm4xWHlicFVIczhPNmRpYUhBQnRNaWIzT283VE1oQ085TlVLWG5mbnB0Sy1kZFYxMnNwRUJEdVgzOW9NQlNWRUFIWDh0TC0zRTRlZ2pZSWEwbjlZdmRjN19NMGVFbVUwMnJGWEEtMVVyTnNJTWpvMElRZGpySWJVZlhJMUs0aDRiVEE?oc=5\" target=\"_blank\" rel=\"nofollow noopener\">Mouxy. Moustiques : l\u2019importance d\u2019\u00e9viter l\u2019eau stagnante<\/a>&nbsp;&nbsp;Le Dauphin\u00e9 Lib\u00e9r\u00e9<a href=\"https:\/\/news.google.com\/rss\/articles\/CBMiogJBVV95cUxNWVl3OTIzcTdnaHFGLXBheElQdXR5TUtzd3N5V1BXclAxdmY4Q1FHM0diN0pwTW4zN0dZNzZKSXoxVE80MF9BV3dlNzBuajU0aml5a2xyWjJXLWdxS1lRb0xkNVBtSFVINTNDY1ZodkpXNlRaMkRmNTZFamhSZkNvRjRIZXhKUzR3UjkxbVM0QTFrV1BXMmF1NnVCR19LZVhVZ25HR2tMZEVuN28tMFdtZUhWeFM5QXZUNFFSRjJGendnVlh0d3BFdXlRTU5VWndaMFRQRGotd0k0Y1hpOFVnQkR0bm9ESVlianNtZlFDd3VCZUVkYkJxdlJTdklKVVJqd1pwcDZXRjBISURuWThaNWpHUmdwZWxRT01xeHBjc2ZmUQ?oc=5\" target=\"_blank\" rel=\"nofollow noopener\">J\u2019ai arr\u00eat\u00e9 d\u2019acheter de la citronnelle : voici la seule astuce qui m\u2019a permis de chasser les moustiques tigres<\/a>&nbsp;&nbsp;Le Parisien<a href=\"https:\/\/news.google.com\/rss\/articles\/CBMipwJBVV95cUxObWo0M0czTC1tdUtBLW9vTXN5ZC0yZk9DTVhvLU4wZ0dSNG9RVXRXOUI3SXl4YWh0QjdrZ0RTeWtTbl9PT0Z6b2FKOVh3bVVBdVhyUGRTSENjSlJVQjBZTXpTLXJRbFNsTzltSzJDei0teGxkaG9PR2stZExQWTZzR2tZMUJfVm1Tc3VCTmhSX1Zpaks5WDhkS3hOUWlaTlB5OWEwR05kbFhVb2FZcTFXRlpTY0V6UlJvOF9QaXpYejhWSWt4MnQ2MllfRndLZGo3T2JZaWVIcWo2S2FHS3h0anRGZlJ6VzJWbmdWanZzWkRiX2hmSXR4dERlR1dtVS1CRjlSeUZWTWpxdVpMT1YxN2JoNWt0TzhKZWlEa1ZmWVYwdmYtQkhB?oc=5\" target=\"_blank\" rel=\"nofollow noopener\">\u00ab\u00a0Les enfants ne peuvent pas jouer dehors\u00a0\u00bb : le moustique-tigre est devenu un v\u00e9ritable fl\u00e9au pour de nombreux citadins<\/a>&nbsp;&nbsp;France 3 R\u00e9gions<a href=\"https:\/\/news.google.com\/rss\/articles\/CBMi1AFBVV95cUxQM19JMTBhT0thODVLZ1FsNWE0U1lnSXl4N0tYdG5EUkNGMFMtM3pPWTdiZFNzeGNLcl8zU2FOa2RKeUVNdkxvR3pBcEk1TVF3cHVuaVptaktCb1pqb2ZWdVkzVGRHb05hY3gtY2k1akJTb3pYbzlORTNkeGtxYmhzZHNhZm54YktnVC1tRnp5QjdxT29GR3BaVDgyaW5LTG1rSVhFb1VOZXh3OEZva0pmc1hPQU5kSDVBNFNWZDBMMWJOMF9vbk5xajZNTFlaTlRXYS1nZw?oc=5\" target=\"_blank\" rel=\"nofollow noopener\">Soci\u00e9t\u00e9. Ce quartier de Dijon est infest\u00e9 par les moustiques-tigres : \u00ab C\u2019est invivable \u00bb<\/a>&nbsp;&nbsp;bienpublic.com<a href=\"https:\/\/news.google.com\/rss\/articles\/CBMiwgFBVV95cUxQakZzdjBhV2RfNXB5SGhMTWs3ZXZMMVJsVUlKZklkRU9uWlBhQ09uU0MxbWRZNWEwdDdfSGx4dHdGQjF0WFhlVElVZDFhdlFpRGNJSzZubHJkdUpqMlkyOWNZYnlhN01mM0l3ZnNDYlh1a29iYnN6SUJxRGFPQVhqU0xvMXVVaE1maWRYN1NiLUNXcnFmMjJrbzI0TUkwZmgxTURjcU9OX2dHcVAtWXBwWGJuZjdIVktJS2VFMmtTc3gtZw?oc=5\" target=\"_blank\" rel=\"nofollow noopener\">La pr\u00e9fecture de Moselle alerte sur la pr\u00e9sence du moustique tigre dans la r\u00e9gion<\/a>&nbsp;&nbsp;Radio M\u00e9lodie<\/p>\n","protected":false},"excerpt":{"rendered":"Mouxy. Moustiques : l\u2019importance d\u2019\u00e9viter l\u2019eau stagnante&nbsp;&nbsp;Le Dauphin\u00e9 Lib\u00e9r\u00e9J\u2019ai arr\u00eat\u00e9 d\u2019acheter de la citronnelle : voici la seule&hellip;\n","protected":false},"author":2,"featured_media":249001,"comment_status":"","ping_status":"","sticky":false,"template":"","format":"standard","meta":{"footnotes":"","_share_on_mastodon":"0"},"categories":[9],"tags":[3598,355,83,15886,25416,54500,84,23],"class_list":["post-249000","post","type-post","status-publish","format-standard","has-post-thumbnail","category-sante","tag-edition-chambery-aix-les-bains","tag-environnement","tag-health","tag-ici-on-agit","tag-le-lac","tag-mouxy","tag-sante","tag-suisse"],"share_on_mastodon":{"url":"https:\/\/pubeurope.com\/@ch_fr\/117049798487268482","error":""},"_links":{"self":[{"href":"https:\/\/www.europesays.com\/ch-fr\/wp-json\/wp\/v2\/posts\/249000","targetHints":{"allow":["GET"]}}],"collection":[{"href":"https:\/\/www.europesays.com\/ch-fr\/wp-json\/wp\/v2\/posts"}],"about":[{"href":"https:\/\/www.europesays.com\/ch-fr\/wp-json\/wp\/v2\/types\/post"}],"author":[{"embeddable":true,"href":"https:\/\/www.europesays.com\/ch-fr\/wp-json\/wp\/v2\/users\/2"}],"replies":[{"embeddable":true,"href":"https:\/\/www.europesays.com\/ch-fr\/wp-json\/wp\/v2\/comments?post=249000"}],"version-history":[{"count":0,"href":"https:\/\/www.europesays.com\/ch-fr\/wp-json\/wp\/v2\/posts\/249000\/revisions"}],"wp:featuredmedia":[{"embeddable":true,"href":"https:\/\/www.europesays.com\/ch-fr\/wp-json\/wp\/v2\/media\/249001"}],"wp:attachment":[{"href":"https:\/\/www.europesays.com\/ch-fr\/wp-json\/wp\/v2\/media?parent=249000"}],"wp:term":[{"taxonomy":"category","embeddable":true,"href":"https:\/\/www.europesays.com\/ch-fr\/wp-json\/wp\/v2\/categories?post=249000"},{"taxonomy":"post_tag","embeddable":true,"href":"https:\/\/www.europesays.com\/ch-fr\/wp-json\/wp\/v2\/tags?post=249000"}],"curies":[{"name":"wp","href":"https:\/\/api.w.org\/{rel}","templated":true}]}}