{"id":249410,"date":"2026-08-07T00:13:08","date_gmt":"2026-08-07T00:13:08","guid":{"rendered":"https:\/\/www.europesays.com\/ch-fr\/249410\/"},"modified":"2026-08-07T00:13:08","modified_gmt":"2026-08-07T00:13:08","slug":"un-touriste-franco-argentin-ayant-transite-par-la-france-isole-en-galice-apres-un-test-positif-au-hantavirus","status":"publish","type":"post","link":"https:\/\/www.europesays.com\/ch-fr\/249410\/","title":{"rendered":"Un touriste franco-argentin ayant transit\u00e9 par la France isol\u00e9 en Galice apr\u00e8s un test positif au hantavirus"},"content":{"rendered":"<p>Les autorit\u00e9s sanitaires fran\u00e7aises ont signal\u00e9 ce jeudi un nouveau cas de hantavirus d\u00e9tect\u00e9 dans le pays. Le patient, de nationalit\u00e9 franco-argentine, est actuellement isol\u00e9 avec sa famille en Galice, selon le minist\u00e8re espagnol de la Sant\u00e9.<\/p>\n<p>          <img decoding=\"async\" class=\"c-ad__placeholder__logo\" src=\"https:\/\/static.euronews.com\/website\/images\/logos\/logo-euronews-stacked-outlined-72x72-grey-9.svg\" width=\"72\" height=\"72\" alt=\"\" loading=\"lazy\"\/><br \/>\n          PUBLICIT\u00c9<\/p>\n<p>          <img decoding=\"async\" class=\"c-ad__placeholder__logo\" src=\"https:\/\/static.euronews.com\/website\/images\/logos\/logo-euronews-stacked-outlined-72x72-grey-9.svg\" width=\"72\" height=\"72\" alt=\"\" loading=\"lazy\"\/><br \/>\n          PUBLICIT\u00c9<\/p>\n<p>Selon les informations communiqu\u00e9es par les autorit\u00e9s des deux pays, le malade a contract\u00e9 l\u2019infection lors d\u2019un voyage touristique en France au cours de la deuxi\u00e8me quinzaine de juillet. <\/p>\n<p>Ce patient, qui avait peu de sympt\u00f4mes (paucisymptomatique), n\u2019en \u00ab pr\u00e9sente plus \u00bb aujourd\u2019hui, en Espagne, et \u00ab toutes les mesures \u00bb sont mises en place pour \u00ab retracer les \u00e9tapes \u00bb de son parcours, a pr\u00e9cis\u00e9 le minist\u00e8re.<\/p>\n<p>Les autorit\u00e9s sanitaires ont identifi\u00e9 le cas apr\u00e8s avoir analys\u00e9 un pr\u00e9l\u00e8vement r\u00e9alis\u00e9 il y a quelques jours en France chez un patient pr\u00e9sentant un l\u00e9ger tableau respiratoire. Par la suite, le Centre national de r\u00e9f\u00e9rence (CNR) fran\u00e7ais a confirm\u00e9 que l\u2019infection correspond au variant Andes, une souche pr\u00e9sente en Am\u00e9rique du Sud qui, \u00e0 la diff\u00e9rence d\u2019autres hantavirus, peut se transmettre entre personnes en cas de contact \u00e9troit et prolong\u00e9.<\/p>\n<p>\u00ab\u00a0\u00c1 ce stade, nous ne sommes pas face \u00e0 un virus pr\u00e9sentant une circulation diffuse dans la population\u00a0\u00bb, rassure le Minist\u00e8re fran\u00e7ais de la Sant\u00e9.<\/p>\n<p>Par ailleurs, le minist\u00e8re de la Sant\u00e9 a \u00e9galement annonc\u00e9 que la seule Fran\u00e7aise contamin\u00e9e par le hantavirus, lors de l\u2019\u00e9pid\u00e9mie apparue au printemps sur le navire Hondius,est sortie jeudi de r\u00e9animation, apr\u00e8s presque trois mois dans ce service hospitalier d\u2019un \u00e9tablissement parisien. Cette retrait\u00e9e, rapatri\u00e9e en mai dans un \u00e9tat grave avec quatre autres Fran\u00e7ais \u2013 qui n\u2019ont jamais d\u00e9velopp\u00e9 la maladie \u2013, a \u00e9t\u00e9 \u00ab transf\u00e9r\u00e9e dans un centre de convalescence \u00bb, a-t-il pr\u00e9cis\u00e9 \u00e0 l\u2019Agence France-Presse (AFP).<\/p>\n","protected":false},"excerpt":{"rendered":"Les autorit\u00e9s sanitaires fran\u00e7aises ont signal\u00e9 ce jeudi un nouveau cas de hantavirus d\u00e9tect\u00e9 dans le pays. Le&hellip;\n","protected":false},"author":2,"featured_media":249411,"comment_status":"","ping_status":"","sticky":false,"template":"","format":"standard","meta":{"footnotes":"","_share_on_mastodon":"0"},"categories":[9],"tags":[3283,30,54592,31904,83,84,23],"class_list":["post-249410","post","type-post","status-publish","format-standard","has-post-thumbnail","category-sante","tag-espagne","tag-france","tag-galice","tag-hantavirus","tag-health","tag-sante","tag-suisse"],"share_on_mastodon":{"url":"https:\/\/pubeurope.com\/@ch_fr\/117051340059587279","error":""},"_links":{"self":[{"href":"https:\/\/www.europesays.com\/ch-fr\/wp-json\/wp\/v2\/posts\/249410","targetHints":{"allow":["GET"]}}],"collection":[{"href":"https:\/\/www.europesays.com\/ch-fr\/wp-json\/wp\/v2\/posts"}],"about":[{"href":"https:\/\/www.europesays.com\/ch-fr\/wp-json\/wp\/v2\/types\/post"}],"author":[{"embeddable":true,"href":"https:\/\/www.europesays.com\/ch-fr\/wp-json\/wp\/v2\/users\/2"}],"replies":[{"embeddable":true,"href":"https:\/\/www.europesays.com\/ch-fr\/wp-json\/wp\/v2\/comments?post=249410"}],"version-history":[{"count":0,"href":"https:\/\/www.europesays.com\/ch-fr\/wp-json\/wp\/v2\/posts\/249410\/revisions"}],"wp:featuredmedia":[{"embeddable":true,"href":"https:\/\/www.europesays.com\/ch-fr\/wp-json\/wp\/v2\/media\/249411"}],"wp:attachment":[{"href":"https:\/\/www.europesays.com\/ch-fr\/wp-json\/wp\/v2\/media?parent=249410"}],"wp:term":[{"taxonomy":"category","embeddable":true,"href":"https:\/\/www.europesays.com\/ch-fr\/wp-json\/wp\/v2\/categories?post=249410"},{"taxonomy":"post_tag","embeddable":true,"href":"https:\/\/www.europesays.com\/ch-fr\/wp-json\/wp\/v2\/tags?post=249410"}],"curies":[{"name":"wp","href":"https:\/\/api.w.org\/{rel}","templated":true}]}}