{"id":249470,"date":"2026-08-07T01:39:18","date_gmt":"2026-08-07T01:39:18","guid":{"rendered":"https:\/\/www.europesays.com\/ch-fr\/249470\/"},"modified":"2026-08-07T01:39:18","modified_gmt":"2026-08-07T01:39:18","slug":"eclipse-solaire-du-12-aout-les-meilleurs-endroits-suisses-ou-lobserver","status":"publish","type":"post","link":"https:\/\/www.europesays.com\/ch-fr\/249470\/","title":{"rendered":"Eclipse solaire du 12 ao\u00fbt: les meilleurs endroits suisses o\u00f9 l\u2019observer"},"content":{"rendered":"<p><img fetchpriority=\"high\" decoding=\"async\" width=\"1655\" height=\"2209\" data-id=\"160641\" src=\"https:\/\/www.europesays.com\/ch-fr\/wp-content\/uploads\/2026\/08\/pexels-gabriel-victor-770164455-18844607-edited.jpg\" alt=\"\" class=\"wp-image-160641\"  \/>Photo d\u2019illustration.<br \/>\nCr\u00e9dits : Gabriel Victor<\/p>\n<p class=\"post-chapeau\">Mercredi, le ciel offrira un rendez-vous rare \u00e0 la population helv\u00e9tique. Pendant un peu plus d\u2019une heure et demie, la Lune viendra grignoter le Soleil. Pour profiter pleinement de cette exceptionnelle \u00e9clipse solaire partielle, voici notre s\u00e9lection des plus beaux spots, avec quelques conseils de s\u00e9curit\u00e9.<\/p>\n<p>Amoureuses et amoureux des astres, cette date est \u00e0 marquer au fer rouge. Mercredi 12 ao\u00fbt, la Suisse assistera \u00e0 une \u00e9clipse solaire partielle. Exceptionnel, le ph\u00e9nom\u00e8ne commencera d\u00e8s 19h, avec un maximum attendu autour de 20h20, selon les r\u00e9gions, <a href=\"https:\/\/www.bag.admin.ch\/fr\/eclipse-solaire-12-08-2026\" rel=\"nofollow noopener\" target=\"_blank\">indique la Conf\u00e9d\u00e9ration<\/a>. \u00c0 ce moment-l\u00e0, la Lune aura recouvert une grande partie du Soleil, offrant un spectacle spectaculaire\u2026 juste avant le coucher de l\u2019astre du jour \u00e0 21h.<\/p>\n<p>Particularit\u00e9 de cette \u00e9clipse : le Soleil sera d\u00e9j\u00e0 tr\u00e8s bas sur l\u2019horizon au moment du maximum. Pour ne rien manquer, il faudra donc privil\u00e9gier les endroits ouverts, avec une vue d\u00e9gag\u00e9e vers l\u2019ouest ou le nord-ouest. En d\u2019autres termes : les sommets, les rives des lacs et les belv\u00e9d\u00e8res. Voici notre s\u00e9lection pour vous aider \u00e0 contempler au mieux.<\/p>\n<p>Le Sal\u00e8ve<br \/>Le panorama spectaculaire de Gen\u00e8ve<\/p>\n<p>\u00c0 quelques kilom\u00e8tres seulement de la fronti\u00e8re suisse, le Sal\u00e8ve offre l\u2019un des panoramas les plus grandioses de la Cit\u00e9 de Calvin. Depuis ses hauteurs, la vue embrasse le L\u00e9man, Gen\u00e8ve et les montagnes environnantes. Difficile de trouver un d\u00e9cor plus cin\u00e9matographique.<br \/>La pr\u00e9caution du spot : Le Sal\u00e8ve risque d\u2019\u00eatre l\u2019un des endroits les plus bond\u00e9s de la r\u00e9gion. Pour \u00e9viter la foule et trouver une place avec une vue parfaitement d\u00e9gag\u00e9e, mieux vaut arriver plusieurs heures avant le d\u00e9but de l\u2019\u00e9clipse.<\/p>\n<p><img loading=\"lazy\" decoding=\"async\" width=\"1024\" height=\"683\" data-id=\"160605\" src=\"https:\/\/www.europesays.com\/ch-fr\/wp-content\/uploads\/2026\/08\/image-5-1024x683.png\" alt=\"\" class=\"wp-image-160605\"  \/>T\u00e9l\u00e9ph\u00e9rique du Sal\u00e8ve, \u00e0 Gen\u00e8ve.<br \/>\nCr\u00e9dits : DR<\/p>\n<p>La Capite<br \/>La vue confidentielle au-dessus de Gen\u00e8ve<\/p>\n<p>Trop de monde au Sal\u00e8ve ? \u00c0 Cologny, un autre chemin perch\u00e9 sur les hauteurs genevoises, mais plus discret que les grands belv\u00e9d\u00e8res, offre de magnifiques \u00e9chapp\u00e9es sur le L\u00e9man et la ville. La Capite, c\u2019est le lieu id\u00e9al pour observer l\u2019\u00e9clipse dans une ambiance paisible avec une vue privil\u00e9gi\u00e9e sur la rade genevoise.<\/p>\n<p>La pr\u00e9caution du spot : la Capite n\u2019est pas un grand belv\u00e9d\u00e8re am\u00e9nag\u00e9 : les vues varient selon les endroits. Il est donc conseill\u00e9 de rep\u00e9rer les lieux avant le jour J afin d\u2019identifier une zone suffisamment ouverte, sans arbres ni b\u00e2timents dans l\u2019axe du coucher du Soleil. Pr\u00e9voyez \u00e9galement de venir \u00e0 pied ou de vous garer \u00e0 distance : les places de stationnement dans ce secteur r\u00e9sidentiel sont limit\u00e9es.<\/p>\n<p><img loading=\"lazy\" decoding=\"async\" width=\"2048\" height=\"770\" data-id=\"160619\" src=\"https:\/\/www.europesays.com\/ch-fr\/wp-content\/uploads\/2026\/08\/image-12.png\" alt=\"\" class=\"wp-image-160619\"  \/><br \/>\nCr\u00e9dits : DR<\/p>\n<p>Vidy<br \/>La soir\u00e9e d\u2019observation du ciel organis\u00e9e par la ville de Lausanne <\/p>\n<p>La ville de Lausanne pr\u00e9voit une soir\u00e9e d\u2019observation du ciel \u00e0 Vidy, au Stade Pierre-de-Coubertin, \u00e0 quelques centaines de m\u00e8tres seulement du Parc Louis-Bourget. Le projet a \u00e9t\u00e9 pens\u00e9 en collaboration avec la Soci\u00e9t\u00e9 vaudoise d\u2019astronomie. Au programme : d\u00e9couverte de l\u2019\u00e9clipse solaire partielle en d\u00e9but de soir\u00e9e, pr\u00e9sentation du Plan lumi\u00e8re et contemplation des \u00e9toiles filantes et du ciel nocturne gr\u00e2ce \u00e0 des t\u00e9lescopes. Pour favoriser l\u2019observation, l\u2019\u00e9clairage public sera exceptionnellement \u00e9teint dans plusieurs secteurs de la capitale olympique, indique <a href=\"https:\/\/www.lausanne-tourisme.ch\/fr\/evenement\/perseides-2026\" rel=\"nofollow noopener\" target=\"_blank\">Lausanne Tourisme<\/a>.<\/p>\n<p>La pr\u00e9caution du spot : le bord du lac est agr\u00e9able, mais l\u2019horizon peut \u00eatre relativement cach\u00e9 par les montagnes selon l\u2019endroit pr\u00e9cis o\u00f9 vous vous installez. Privil\u00e9giez un emplacement avec une vue d\u00e9gag\u00e9e vers l\u2019ouest en pr\u00e9f\u00e9rant donc la plage ou les pelouses directement au bord de l\u2019eau.<\/p>\n<p><img loading=\"lazy\" decoding=\"async\" width=\"1024\" height=\"768\" data-id=\"160664\" src=\"https:\/\/www.europesays.com\/ch-fr\/wp-content\/uploads\/2026\/08\/image-15-1024x768.png\" alt=\"\" class=\"wp-image-160664\"  \/>Vidy, \u00e0 Lausanne (Vaud).<br \/>\nCr\u00e9dits : Olivier Bruchez<\/p>\n<p>L\u2019Uetliberg<br \/>Le rooftop naturel de Zurich<\/p>\n<p>Accessible en transports publics depuis Zurich, l\u2019Uetliberg est le lieu parfait pour celles et ceux qui veulent combiner nature et panorama urbain. Depuis son sommet situ\u00e9 \u00e0 plus de 800 m\u00e8tres d\u2019altitude, la vue donne sur la ville, le lac et les Alpes.<\/p>\n<p>La pr\u00e9caution du spot : le sommet est facilement accessible, ce qui signifie aussi qu\u2019il pourrait attirer beaucoup de monde. Misez sur les plateformes ou zones ouvertes plut\u00f4t que les sentiers bois\u00e9s.<\/p>\n<p><img loading=\"lazy\" decoding=\"async\" width=\"1024\" height=\"576\" data-id=\"160617\" src=\"https:\/\/www.europesays.com\/ch-fr\/wp-content\/uploads\/2026\/08\/image-10-1024x576.png\" alt=\"\" class=\"wp-image-160617\"  \/>L\u2019Uetliberg, \u00e0 Zurich.<br \/>\nCr\u00e9dits : Expedia<\/p>\n<p>Le Chasseral<br \/>L\u2019option nature du Jura bernois<\/p>\n<p>Pour une version plus sauvage, cap sur le Jura bernois. Le Chasseral est l\u2019un des points culminants de la cha\u00eene jurassienne et offre des horizons particuli\u00e8rement d\u00e9gag\u00e9s. Loin de la pollution lumineuse des villes, c\u2019est le premier choix pour celles et ceux qui veulent transformer l\u2019\u00e9clipse en v\u00e9ritable escapade nature.<\/p>\n<p>La pr\u00e9caution du spot : le vent peut \u00eatre marqu\u00e9 au sommet, m\u00eame en ao\u00fbt. Une couche suppl\u00e9mentaire sera indispensable apr\u00e8s le coucher du Soleil.<\/p>\n<p><img loading=\"lazy\" decoding=\"async\" width=\"1024\" height=\"768\" data-id=\"160618\" src=\"https:\/\/www.europesays.com\/ch-fr\/wp-content\/uploads\/2026\/08\/image-11-1024x768.png\" alt=\"\" class=\"wp-image-160618\"  \/>Le col du Chasseral, dans le Jura bernois.<br \/>\nCr\u00e9dits : Zacharie Grossen<\/p>\n<p>Le Gornergrat<br \/>Le spectacle version alpine en Valais<\/p>\n<p>Pour celles et ceux qui r\u00eavent d\u2019un d\u00e9cor alpin inoubliable, difficile de rivaliser avec le Gornergrat. Face au Cervin et aux sommets valaisans, l\u2019adresse de Zermatt pourrait offrir une exp\u00e9rience presque irr\u00e9elle.<\/p>\n<p>La pr\u00e9caution du spot : en montagne, le relief peut jouer contre vous : un sommet mal plac\u00e9 peut cacher le soleil au moment crucial. V\u00e9rifiez donc l\u2019orientation exacte de ce dernier avant de r\u00e9server votre escapade. On n\u2019oublie pas de penser \u00e9galement aux horaires des transports : le dernier train ou les acc\u00e8s en altitude devant \u00eatre anticip\u00e9s.<\/p>\n<p><img loading=\"lazy\" decoding=\"async\" width=\"1024\" height=\"683\" data-id=\"160620\" src=\"https:\/\/www.europesays.com\/ch-fr\/wp-content\/uploads\/2026\/08\/image-13-1024x683.png\" alt=\"\" class=\"wp-image-160620\"  \/><br \/>\nCr\u00e9dits : Zermatt Tourismus<\/p>\n<p>Le Mol\u00e9son<br \/>L\u2019\u00e9clipse avec vue \u00e0 360 degr\u00e9s, \u00e0 Fribourg<\/p>\n<p>Avec son sommet embl\u00e9matique qui domine la Gruy\u00e8re, le Mol\u00e9son est l\u2019un des plus beaux points de vue de Suisse romande. \u00c0 plus de 2\u2019000 m\u00e8tres d\u2019altitude, il offre un panorama de luxe sur les Pr\u00e9alpes fribourgeoises, le Jura et, par temps clair, une partie des Alpes.<\/p>\n<p>La pr\u00e9caution du spot : pensez \u00e0 v\u00e9rifier les horaires de la t\u00e9l\u00e9cabine et du funiculaire, afin de ne pas vous retrouver bloqu\u00e9 au sommet apr\u00e8s l\u2019\u00e9v\u00e9nement.<\/p>\n<p><img loading=\"lazy\" decoding=\"async\" width=\"1024\" height=\"689\" data-id=\"160626\" src=\"https:\/\/www.europesays.com\/ch-fr\/wp-content\/uploads\/2026\/08\/image-14-1024x689.png\" alt=\"\" class=\"wp-image-160626\"  \/>Le Mol\u00e9son, \u00e0 Fribourg.<br \/>\nCr\u00e9dits : DR<\/p>\n<p>Comment observer en toute s\u00e9curit\u00e9 l\u2019\u00e9clipse solaire du 12 ao\u00fbt 2026 ?<\/p>\n<p><img loading=\"lazy\" decoding=\"async\" width=\"683\" height=\"1024\" data-id=\"160654\" src=\"https:\/\/www.europesays.com\/ch-fr\/wp-content\/uploads\/2026\/08\/brad-mann-LTL_lRoAccA-unsplash-683x1024.jpg\" alt=\"\" class=\"wp-image-160654\"  \/>Photo d\u2019illustration.<br \/>\nCr\u00e9dits : Brad Mann<\/p>\n<p>M\u00eame lors d\u2019une \u00e9clipse partielle, regarder directement le Soleil peut provoquer des l\u00e9sions graves aux yeux. Pour observer le ph\u00e9nom\u00e8ne en toute s\u00e9curit\u00e9 :<\/p>\n<p>utilisez uniquement des lunettes sp\u00e9ciales \u00e9clipse certifi\u00e9es ISO 12312-2 ; vendues \u00e0 moins de 10 francs chez un opticien, dans certaines pharmacies ou magasins sp\u00e9cialis\u00e9s ;<\/p>\n<p>si vous avez d\u00e9j\u00e0 des lunettes certifi\u00e9es, v\u00e9rifiez qu\u2019elles ne sont ni ray\u00e9es ni endommag\u00e9es ;<\/p>\n<p>pour les appareils photo ou les jumelles, utilisez des filtres solaires adapt\u00e9s<\/p>\n<p>\u00c9vitez absolument les lunettes de soleil classiques (m\u00eame doubl\u00e9es), les verres fum\u00e9s, les CD, les pellicules photo ou tout autre syst\u00e8me improvis\u00e9.<\/p>\n<p>Pr\u00e9voyez \u00e9galement une veste chaude (les soir\u00e9es en altitude peuvent \u00eatre fra\u00eeches), arrivez en avance pour choisir votre spot et consultez la m\u00e9t\u00e9o quelques heures avant afin de profiter pleinement du spectacle.<\/p>\n","protected":false},"excerpt":{"rendered":"Photo d\u2019illustration. Cr\u00e9dits : Gabriel Victor Mercredi, le ciel offrira un rendez-vous rare \u00e0 la population helv\u00e9tique. Pendant&hellip;\n","protected":false},"author":2,"featured_media":249471,"comment_status":"","ping_status":"","sticky":false,"template":"","format":"standard","meta":{"footnotes":"","_share_on_mastodon":"0"},"categories":[17],"tags":[170,169,23],"class_list":["post-249470","post","type-post","status-publish","format-standard","has-post-thumbnail","category-geneve","tag-geneva","tag-geneve","tag-suisse"],"share_on_mastodon":{"url":"https:\/\/pubeurope.com\/@ch_fr\/117051678351397011","error":""},"_links":{"self":[{"href":"https:\/\/www.europesays.com\/ch-fr\/wp-json\/wp\/v2\/posts\/249470","targetHints":{"allow":["GET"]}}],"collection":[{"href":"https:\/\/www.europesays.com\/ch-fr\/wp-json\/wp\/v2\/posts"}],"about":[{"href":"https:\/\/www.europesays.com\/ch-fr\/wp-json\/wp\/v2\/types\/post"}],"author":[{"embeddable":true,"href":"https:\/\/www.europesays.com\/ch-fr\/wp-json\/wp\/v2\/users\/2"}],"replies":[{"embeddable":true,"href":"https:\/\/www.europesays.com\/ch-fr\/wp-json\/wp\/v2\/comments?post=249470"}],"version-history":[{"count":0,"href":"https:\/\/www.europesays.com\/ch-fr\/wp-json\/wp\/v2\/posts\/249470\/revisions"}],"wp:featuredmedia":[{"embeddable":true,"href":"https:\/\/www.europesays.com\/ch-fr\/wp-json\/wp\/v2\/media\/249471"}],"wp:attachment":[{"href":"https:\/\/www.europesays.com\/ch-fr\/wp-json\/wp\/v2\/media?parent=249470"}],"wp:term":[{"taxonomy":"category","embeddable":true,"href":"https:\/\/www.europesays.com\/ch-fr\/wp-json\/wp\/v2\/categories?post=249470"},{"taxonomy":"post_tag","embeddable":true,"href":"https:\/\/www.europesays.com\/ch-fr\/wp-json\/wp\/v2\/tags?post=249470"}],"curies":[{"name":"wp","href":"https:\/\/api.w.org\/{rel}","templated":true}]}}