{"id":251405,"date":"2026-08-08T11:05:18","date_gmt":"2026-08-08T11:05:18","guid":{"rendered":"https:\/\/www.europesays.com\/ch-fr\/251405\/"},"modified":"2026-08-08T11:05:18","modified_gmt":"2026-08-08T11:05:18","slug":"on-va-me-couper-lelectricite-dans-une-situation-tres-compliquee-cette-actrice-de-hpi-appelle-a-laide","status":"publish","type":"post","link":"https:\/\/www.europesays.com\/ch-fr\/251405\/","title":{"rendered":"\u00ab\u00a0On va me couper l\u2019\u00e9lectricit\u00e9\u00a0\u00bb : dans une situation tr\u00e8s compliqu\u00e9e, cette actrice de \u00ab\u00a0HPI\u00a0\u00bb appelle \u00e0 l&rsquo;aide"},"content":{"rendered":"<p>                    Par<\/p>\n<p>            <a href=\"https:\/\/actu.fr\/auteur\/redaction-actu\" title=\"Consulter tous les articles de R\u00e9daction Actu\" rel=\"nofollow noopener\" target=\"_blank\">R\u00e9daction Actu<\/a><\/p>\n<p>        Publi\u00e9 le<\/p>\n<p>            8 ao\u00fbt 2026 \u00e0 11h39        <\/p>\n<p>C\u2019est une \u00ab\u2009bouteille \u00e0 la mer\u2009\u00bb lanc\u00e9e jeudi 6\u00a0ao\u00fbt 2026 par l\u2019actrice Cypriane Gardin. Celle qui joue Th\u00e9a, fille de Morgane (incarn\u00e9e par <a href=\"https:\/\/actu.fr\/tag\/audrey-fleurot\" rel=\"nofollow noopener\" target=\"_blank\">Audrey Fleurot<\/a>) dans la s\u00e9rie \u00e0 succ\u00e8s <a href=\"https:\/\/actu.fr\/loisirs-culture\/tf1-diffuse-la-5e-et-derniere-saison-d-hpi-ce-jeudi-pourquoi-vous-ne-connaitrez-pas-la-fin-tout-de-suite_62636245.html\" rel=\"nofollow noopener\" target=\"_blank\">HPI, <\/a>a besoin d\u2019aide. Elle en appelle donc \u00ab\u2009\u00e0 la g\u00e9n\u00e9rosit\u00e9\u2009\u00bb, \u00e0 \u00ab\u2009la bienveillance\u2009\u00bb et aux \u00ab\u2009conseils\u2009\u00bb de ses abonn\u00e9s sur Instagram o\u00f9 elle publie une vid\u00e9o pour expliquer sa situation compliqu\u00e9e.<\/p>\n<p>\u00c7a fait six mois que c\u2019est compliqu\u00e9 avec le travail, malheureusement je n\u2019ai pas la chance de travailler beaucoup et \u00e7a me manque \u00e9norm\u00e9ment.<\/p>\n<p>    Cypriane Gardin<\/p>\n<p class=\" wall-content\"><a href=\"https:\/\/www.instagram.com\/p\/DbsTfwdtJNU\/embed\" title=\"Ouvrir le lien sur Instagram\" rel=\"nofollow noopener\" target=\"_blank\">Visualiser le contenu sur Instagram<\/a><\/p>\n<p>\u00ab\u2009M\u00eame pas la possibilit\u00e9 de toucher le RSA\u2009\u00bb<\/p>\n<p class=\" wall-content\">Ce jeudi, donc elle a appris \u00ab\u2009officiellement que j\u2019arrivais \u00e0 la fin de mes droits France Travail, je ne peux plus rien toucher. J\u2019ai demand\u00e9 une prolongation de mes droits qui n\u2019a pas \u00e9t\u00e9 accept\u00e9e pour le moment. Le temps que mes d\u00e9marches et que mes demandes soient \u00e9tudi\u00e9es, je n\u2019aurai aucun revenu, je n\u2019ai m\u00eame pas la possibilit\u00e9 de toucher le RSA\u2009\u00bb.<\/p>\n<p class=\" wall-content\">Une situation complexe donc, puisque Cypriane Gardin affirme\u2009: \u00ab\u00a0On va me couper l\u2019\u00e9lectricit\u00e9.\u00a0\u00bb<\/p>\n<p class=\" wall-content\">Malgr\u00e9 le soutien de sa famille et de ses proches \u00ab\u2009ces six derniers mois\u2009\u00bb, et avec une banque qui, selon elle, \u00ab\u00a0ne veut pas (l)\u2019aider\u00a0\u00bb, elle demande de l\u2019aide financi\u00e8re, \u00ab\u00a0apr\u00e8s avoir \u00ab\u00a0\u00e9tudi\u00e9 le probl\u00e8me dans tous les sens\u00a0\u00bb.<\/p>\n<p class=\" wall-content\">Elle a ainsi cr\u00e9\u00e9 une cagnotte qui compte plus de 4500 euros \u00e0 l\u2019heure o\u00f9 est publi\u00e9 cet article.<\/p>\n<p>J\u2019esp\u00e8re que ce n\u2019est pas d\u00e9plac\u00e9 de ma part, m\u00eame si j\u2019en ai totalement l\u2019impression et que je ne me sens pas du tout l\u00e9gitime.<\/p>\n<p>    Cypriane Gardin<\/p>\n<p class=\" wall-content\">Outre\u00a0HPI, l\u2019actrice a jou\u00e9 dans Police de caract\u00e8res\u00a0diffus\u00e9e sur\u00a0France 3 ou encore dans L\u00e9o Matte\u00ef, brigade des mineurs.<\/p>\n<p class=\" wall-content\">Personnalisez votre actualit\u00e9 en ajoutant vos villes et m\u00e9dias en favori avec <a href=\"https:\/\/moncompte.actu.fr\" title=\"D\u00e9couvez Mon Actu\" rel=\"nofollow noopener\" data-trk=\"{&quot;cta&quot;:{&quot;action&quot;:&quot;https:\\\/\\\/moncompte.actu.fr&quot;,&quot;category&quot;:&quot;mon compte&quot;,&quot;from&quot;:&quot;article footer&quot;,&quot;name&quot;:&quot;Mon actu&quot;,&quot;type&quot;:&quot;cta&quot;}}\" target=\"_blank\">Mon Actu<\/a>.<\/p>\n<p>                    <script async src=\"\/\/www.instagram.com\/embed.js\"><\/script><\/p>\n","protected":false},"excerpt":{"rendered":"Par R\u00e9daction Actu Publi\u00e9 le 8 ao\u00fbt 2026 \u00e0 11h39 C\u2019est une \u00ab\u2009bouteille \u00e0 la mer\u2009\u00bb lanc\u00e9e jeudi&hellip;\n","protected":false},"author":2,"featured_media":251406,"comment_status":"","ping_status":"","sticky":false,"template":"","format":"standard","meta":{"footnotes":"","_share_on_mastodon":"0"},"categories":[15],"tags":[31647,158,157,113,112,159,238,23],"class_list":["post-251405","post","type-post","status-publish","format-standard","has-post-thumbnail","category-people","tag-audrey-fleurot","tag-celebrities","tag-celebrity","tag-divertissement","tag-entertainment","tag-people","tag-societe","tag-suisse"],"share_on_mastodon":{"url":"https:\/\/pubeurope.com\/@ch_fr\/117059566193982090","error":""},"_links":{"self":[{"href":"https:\/\/www.europesays.com\/ch-fr\/wp-json\/wp\/v2\/posts\/251405","targetHints":{"allow":["GET"]}}],"collection":[{"href":"https:\/\/www.europesays.com\/ch-fr\/wp-json\/wp\/v2\/posts"}],"about":[{"href":"https:\/\/www.europesays.com\/ch-fr\/wp-json\/wp\/v2\/types\/post"}],"author":[{"embeddable":true,"href":"https:\/\/www.europesays.com\/ch-fr\/wp-json\/wp\/v2\/users\/2"}],"replies":[{"embeddable":true,"href":"https:\/\/www.europesays.com\/ch-fr\/wp-json\/wp\/v2\/comments?post=251405"}],"version-history":[{"count":0,"href":"https:\/\/www.europesays.com\/ch-fr\/wp-json\/wp\/v2\/posts\/251405\/revisions"}],"wp:featuredmedia":[{"embeddable":true,"href":"https:\/\/www.europesays.com\/ch-fr\/wp-json\/wp\/v2\/media\/251406"}],"wp:attachment":[{"href":"https:\/\/www.europesays.com\/ch-fr\/wp-json\/wp\/v2\/media?parent=251405"}],"wp:term":[{"taxonomy":"category","embeddable":true,"href":"https:\/\/www.europesays.com\/ch-fr\/wp-json\/wp\/v2\/categories?post=251405"},{"taxonomy":"post_tag","embeddable":true,"href":"https:\/\/www.europesays.com\/ch-fr\/wp-json\/wp\/v2\/tags?post=251405"}],"curies":[{"name":"wp","href":"https:\/\/api.w.org\/{rel}","templated":true}]}}