{"id":252837,"date":"2026-08-09T12:18:08","date_gmt":"2026-08-09T12:18:08","guid":{"rendered":"https:\/\/www.europesays.com\/ch-fr\/252837\/"},"modified":"2026-08-09T12:18:08","modified_gmt":"2026-08-09T12:18:08","slug":"seurre-la-planetologue-cecile-ferrari-va-participer-a-la-nuit-des-etoiles","status":"publish","type":"post","link":"https:\/\/www.europesays.com\/ch-fr\/252837\/","title":{"rendered":"Seurre. La plan\u00e9tologue C\u00e9cile Ferrari va participer \u00e0 la nuit des \u00e9toiles"},"content":{"rendered":"<p class=\"insetTitle\">Le programme complet de la soir\u00e9e<\/p>\n<p>La nuit des \u00e9toiles se d\u00e9roulera en plusieurs temps.<\/p>\n<p>19\u00a0heures\u00a0: accueil, projection des photographies d\u2019astronomie des membres de l\u2019association Cygnus\u00a021.<\/p>\n<p>20\u00a0heures \u00e0 21\u00a0h\u00a030\u00a0: conf\u00e9rence de C\u00e9cile Ferrari, astrophysicienne et plan\u00e9tologue intitul\u00e9e \u201cL\u2019exploration des plan\u00e8tes g\u00e9antes du syst\u00e8me solaire\u00a0: 50 ans de d\u00e9couvertes et de d\u00e9fis\u201d<\/p>\n<p>De 21\u00a0h\u00a030 \u00e0 minuit\u00a0: observation du ciel avec les t\u00e9lescopes mis \u00e0 disposition.<\/p>\n<p>\u00c0 partir de 22 heures\u00a0: d\u00e9couverte \u00e0 l\u2019\u0153il nu des constellations et de leurs l\u00e9gendes.<\/p>\n","protected":false},"excerpt":{"rendered":"Le programme complet de la soir\u00e9e La nuit des \u00e9toiles se d\u00e9roulera en plusieurs temps. 19\u00a0heures\u00a0: accueil, projection&hellip;\n","protected":false},"author":2,"featured_media":252838,"comment_status":"","ping_status":"","sticky":false,"template":"","format":"standard","meta":{"footnotes":"","_share_on_mastodon":"0"},"categories":[7],"tags":[663,11242,297,61,57,296,59,58,55293,55294,23,60,62],"class_list":["post-252837","post","type-post","status-publish","format-standard","has-post-thumbnail","category-sciences-et-technologies","tag-culture-loisirs","tag-edition-beaune-et-sa-region","tag-fil-info","tag-science","tag-science-and-technology","tag-science-et-technologie","tag-sciences","tag-sciences-et-technologies","tag-seurre","tag-seurre-bassin","tag-suisse","tag-technologies","tag-technology"],"share_on_mastodon":{"url":"https:\/\/pubeurope.com\/@ch_fr\/117065515366037491","error":""},"_links":{"self":[{"href":"https:\/\/www.europesays.com\/ch-fr\/wp-json\/wp\/v2\/posts\/252837","targetHints":{"allow":["GET"]}}],"collection":[{"href":"https:\/\/www.europesays.com\/ch-fr\/wp-json\/wp\/v2\/posts"}],"about":[{"href":"https:\/\/www.europesays.com\/ch-fr\/wp-json\/wp\/v2\/types\/post"}],"author":[{"embeddable":true,"href":"https:\/\/www.europesays.com\/ch-fr\/wp-json\/wp\/v2\/users\/2"}],"replies":[{"embeddable":true,"href":"https:\/\/www.europesays.com\/ch-fr\/wp-json\/wp\/v2\/comments?post=252837"}],"version-history":[{"count":0,"href":"https:\/\/www.europesays.com\/ch-fr\/wp-json\/wp\/v2\/posts\/252837\/revisions"}],"wp:featuredmedia":[{"embeddable":true,"href":"https:\/\/www.europesays.com\/ch-fr\/wp-json\/wp\/v2\/media\/252838"}],"wp:attachment":[{"href":"https:\/\/www.europesays.com\/ch-fr\/wp-json\/wp\/v2\/media?parent=252837"}],"wp:term":[{"taxonomy":"category","embeddable":true,"href":"https:\/\/www.europesays.com\/ch-fr\/wp-json\/wp\/v2\/categories?post=252837"},{"taxonomy":"post_tag","embeddable":true,"href":"https:\/\/www.europesays.com\/ch-fr\/wp-json\/wp\/v2\/tags?post=252837"}],"curies":[{"name":"wp","href":"https:\/\/api.w.org\/{rel}","templated":true}]}}