{"id":253149,"date":"2026-08-09T16:42:11","date_gmt":"2026-08-09T16:42:11","guid":{"rendered":"https:\/\/www.europesays.com\/ch-fr\/253149\/"},"modified":"2026-08-09T16:42:11","modified_gmt":"2026-08-09T16:42:11","slug":"concert-gratuit-au-pied-des-remparts-de-saint-malo-trois-heures-de-tubes-avec-lio-en-invitee-vedette","status":"publish","type":"post","link":"https:\/\/www.europesays.com\/ch-fr\/253149\/","title":{"rendered":"Concert gratuit au pied des remparts de Saint-Malo : trois heures de tubes avec Lio en invit\u00e9e vedette"},"content":{"rendered":"<p>                    Par<\/p>\n<p>            <a href=\"https:\/\/actu.fr\/auteur\/journaliste-pm\" title=\"Consulter tous les articles de R\u00e9daction Saint-Malo\" rel=\"nofollow noopener\" target=\"_blank\">R\u00e9daction Saint-Malo<\/a><\/p>\n<p>        Publi\u00e9 le<\/p>\n<p>            9 ao\u00fbt 2026 \u00e0 17h50        <\/p>\n<p>Trois heures de tubes des ann\u00e9es 70 \u00e0 aujourd\u2019hui \u00ab qui vous feront danser et chanter sans rel\u00e2che \u00bb : voil\u00e0 la promesse du concert gratuit Back to the hits, programm\u00e9 mardi 11\u00a0ao\u00fbt, sur l\u2019esplanade Saint-Vincent au pied des <a href=\"https:\/\/actu.fr\/tag\/remparts-de-saint-malo\" rel=\"nofollow noopener\" target=\"_blank\">remparts de Saint-Malo<\/a>. La soir\u00e9e d\u00e9butera d\u00e8s 20h.<\/p>\n<p>Ic\u00f4ne pop<\/p>\n<p class=\" wall-content\">En invit\u00e9e vedette, la <a href=\"https:\/\/actu.fr\/normandie\/deauville_14220\/deauville-la-chanteuse-et-actrice-lio-presidera-le-jury-revelation-du-festival-du-cinema-americain_64571017.html\" rel=\"nofollow noopener\" target=\"_blank\">chanteuse Lio<\/a> sera sur sc\u00e8ne \u00e0 partir de 21h. R\u00e9v\u00e9l\u00e9e par son single incontournable Banana Split en 1979, Lio repr\u00e9sente aujourd\u2019hui l\u2019une des plus grandes ic\u00f4nes pop francophones, en plus d\u2019\u00eatre devenue une voix qui porte pour toutes les femmes.<\/p>\n<p>Esplanade Saint-Vincent, Saint-Malo Intra-Muros, mardi 11\u00a0ao\u00fbt, de 20h \u00e0 23h. Gratuit.<\/p>\n<p class=\" wall-content\">Personnalisez votre actualit\u00e9 en ajoutant vos villes et m\u00e9dias en favori avec <a href=\"https:\/\/moncompte.actu.fr\" title=\"D\u00e9couvez Mon Actu\" rel=\"nofollow noopener\" data-trk=\"{&quot;cta&quot;:{&quot;action&quot;:&quot;https:\\\/\\\/moncompte.actu.fr&quot;,&quot;category&quot;:&quot;mon compte&quot;,&quot;from&quot;:&quot;article footer&quot;,&quot;name&quot;:&quot;Mon actu&quot;,&quot;type&quot;:&quot;cta&quot;}}\" target=\"_blank\">Mon Actu<\/a>.<\/p>\n","protected":false},"excerpt":{"rendered":"Par R\u00e9daction Saint-Malo Publi\u00e9 le 9 ao\u00fbt 2026 \u00e0 17h50 Trois heures de tubes des ann\u00e9es 70 \u00e0&hellip;\n","protected":false},"author":2,"featured_media":253150,"comment_status":"","ping_status":"","sticky":false,"template":"","format":"standard","meta":{"footnotes":"","_share_on_mastodon":"0"},"categories":[12],"tags":[648,113,112,10372,1377,140,141,41639,23],"class_list":["post-253149","post","type-post","status-publish","format-standard","has-post-thumbnail","category-musique","tag-concert","tag-divertissement","tag-entertainment","tag-intra-muros","tag-loisirs-culture","tag-music","tag-musique","tag-sortir-a-saint-malo","tag-suisse"],"share_on_mastodon":{"url":"https:\/\/pubeurope.com\/@ch_fr\/117066553381945601","error":""},"_links":{"self":[{"href":"https:\/\/www.europesays.com\/ch-fr\/wp-json\/wp\/v2\/posts\/253149","targetHints":{"allow":["GET"]}}],"collection":[{"href":"https:\/\/www.europesays.com\/ch-fr\/wp-json\/wp\/v2\/posts"}],"about":[{"href":"https:\/\/www.europesays.com\/ch-fr\/wp-json\/wp\/v2\/types\/post"}],"author":[{"embeddable":true,"href":"https:\/\/www.europesays.com\/ch-fr\/wp-json\/wp\/v2\/users\/2"}],"replies":[{"embeddable":true,"href":"https:\/\/www.europesays.com\/ch-fr\/wp-json\/wp\/v2\/comments?post=253149"}],"version-history":[{"count":0,"href":"https:\/\/www.europesays.com\/ch-fr\/wp-json\/wp\/v2\/posts\/253149\/revisions"}],"wp:featuredmedia":[{"embeddable":true,"href":"https:\/\/www.europesays.com\/ch-fr\/wp-json\/wp\/v2\/media\/253150"}],"wp:attachment":[{"href":"https:\/\/www.europesays.com\/ch-fr\/wp-json\/wp\/v2\/media?parent=253149"}],"wp:term":[{"taxonomy":"category","embeddable":true,"href":"https:\/\/www.europesays.com\/ch-fr\/wp-json\/wp\/v2\/categories?post=253149"},{"taxonomy":"post_tag","embeddable":true,"href":"https:\/\/www.europesays.com\/ch-fr\/wp-json\/wp\/v2\/tags?post=253149"}],"curies":[{"name":"wp","href":"https:\/\/api.w.org\/{rel}","templated":true}]}}