{"id":254612,"date":"2026-08-10T17:49:07","date_gmt":"2026-08-10T17:49:07","guid":{"rendered":"https:\/\/www.europesays.com\/ch-fr\/254612\/"},"modified":"2026-08-10T17:49:07","modified_gmt":"2026-08-10T17:49:07","slug":"le-tramway-de-la-ligne-17-reliant-geneve-a-annemasse-commence-ses-essais-avant-sa-mise-en-service","status":"publish","type":"post","link":"https:\/\/www.europesays.com\/ch-fr\/254612\/","title":{"rendered":"Le tramway de la ligne 17 reliant Gen\u00e8ve \u00e0 Annemasse commence ses essais avant sa mise en service"},"content":{"rendered":"<p>C\u2019est une nouvelle \u00e9tape dans le <a href=\"https:\/\/www.lemessager.fr\/649347061\/article\/2026-01-11\/extension-du-tramway-annemasse-une-mise-en-service-attendue-en-septembre-2026\" target=\"_blank\" rel=\"nofollow noopener\">chantier de l\u2019extension de la ligne 17.<\/a> Depuis lundi 10 ao\u00fbt 2026, les rames circulent pour la premi\u00e8re fois sur le nouveau trac\u00e9 \u00e0 Annemasse. Sous les yeux des curieux, le tramway effectue ses passages afin de tester le bon fonctionnement de la voie, des infrastructures et des diff\u00e9rents \u00e9quipements. Une phase d\u2019essais indispensable avant l\u2019ouverture de la ligne aux voyageurs.<\/p>\n<p>&#13;<br \/>\n&#13;<\/p>\n<p>&#13;<br \/>\n&#13;<\/p>\n<p>\n  <img decoding=\"async\" data-copyright=\"Annemasse Agglo.\" class=\"r-img\"  typeof=\"foaf:Image\" src=\"https:\/\/www.europesays.com\/ch-fr\/wp-content\/uploads\/2026\/08\/95896829.jpeg\" alt=\"Les premiers essais se sont d\u00e9roul\u00e9s lundi 10 ao\u00fbt 2026.\"\/>Les premiers essais se sont d\u00e9roul\u00e9s lundi 10 ao\u00fbt 2026. &#8211; Annemasse Agglo.\n<\/p>\n<p>Des voyageurs curieux<\/p>\n<p>Attention toutefois\u00a0: le tramway ne transporte pas encore de passagers. La mise en service de l\u2019extension est, \u00e0 ce stade, pr\u00e9vue pour le 17 octobre 2026, (si le calendrier est respect\u00e9). Les voyageurs devront donc encore patienter quelques semaines avant de pouvoir emprunter ce nouveau tron\u00e7on.<\/p>\n<p>&#13;<br \/>\n&#13;<br \/>\nPour votre s\u00e9curit\u00e9<\/p>\n<p>Durant toute cette phase d\u2019essais, la consigne principale reste la m\u00eame pour l\u2019ensemble des usagers, pi\u00e9tons, cyclistes et automobilistes\u00a0: la plateforme du tram doit rester libre en toutes circonstances, y compris lorsqu\u2019aucune rame n\u2019est visible. Annemasse Agllo rappelle\u00a0: \u00ab\u00a0Le tram est prioritaire, ne peut pas d\u00e9vier de sa trajectoire et n\u00e9cessite une distance d\u2019arr\u00eat plus longue qu\u2019un v\u00e9hicule.\u00a0\u00bb<\/p>\n","protected":false},"excerpt":{"rendered":"C\u2019est une nouvelle \u00e9tape dans le chantier de l\u2019extension de la ligne 17. Depuis lundi 10 ao\u00fbt 2026,&hellip;\n","protected":false},"author":2,"featured_media":254613,"comment_status":"","ping_status":"","sticky":false,"template":"","format":"standard","meta":{"footnotes":"","_share_on_mastodon":"0"},"categories":[17],"tags":[34162,170,169,32553,23],"class_list":["post-254612","post","type-post","status-publish","format-standard","has-post-thumbnail","category-geneve","tag-annemasse-haute-savoie","tag-geneva","tag-geneve","tag-saint-julien-en-genevois-haute-savoie","tag-suisse"],"share_on_mastodon":{"url":"https:\/\/pubeurope.com\/@ch_fr\/117072479551331459","error":""},"_links":{"self":[{"href":"https:\/\/www.europesays.com\/ch-fr\/wp-json\/wp\/v2\/posts\/254612","targetHints":{"allow":["GET"]}}],"collection":[{"href":"https:\/\/www.europesays.com\/ch-fr\/wp-json\/wp\/v2\/posts"}],"about":[{"href":"https:\/\/www.europesays.com\/ch-fr\/wp-json\/wp\/v2\/types\/post"}],"author":[{"embeddable":true,"href":"https:\/\/www.europesays.com\/ch-fr\/wp-json\/wp\/v2\/users\/2"}],"replies":[{"embeddable":true,"href":"https:\/\/www.europesays.com\/ch-fr\/wp-json\/wp\/v2\/comments?post=254612"}],"version-history":[{"count":0,"href":"https:\/\/www.europesays.com\/ch-fr\/wp-json\/wp\/v2\/posts\/254612\/revisions"}],"wp:featuredmedia":[{"embeddable":true,"href":"https:\/\/www.europesays.com\/ch-fr\/wp-json\/wp\/v2\/media\/254613"}],"wp:attachment":[{"href":"https:\/\/www.europesays.com\/ch-fr\/wp-json\/wp\/v2\/media?parent=254612"}],"wp:term":[{"taxonomy":"category","embeddable":true,"href":"https:\/\/www.europesays.com\/ch-fr\/wp-json\/wp\/v2\/categories?post=254612"},{"taxonomy":"post_tag","embeddable":true,"href":"https:\/\/www.europesays.com\/ch-fr\/wp-json\/wp\/v2\/tags?post=254612"}],"curies":[{"name":"wp","href":"https:\/\/api.w.org\/{rel}","templated":true}]}}