{"id":256492,"date":"2026-08-12T03:56:11","date_gmt":"2026-08-12T03:56:11","guid":{"rendered":"https:\/\/www.europesays.com\/ch-fr\/256492\/"},"modified":"2026-08-12T03:56:11","modified_gmt":"2026-08-12T03:56:11","slug":"vernet-ines-karoui-offrir-a-chaque-personne-un-vrai-moment-de-detente","status":"publish","type":"post","link":"https:\/\/www.europesays.com\/ch-fr\/256492\/","title":{"rendered":"Vernet. In\u00e8s Karoui : \u00ab\u00a0Offrir \u00e0 chaque personne un vrai moment de d\u00e9tente\u00a0\u00bb"},"content":{"rendered":"<p>Install\u00e9e au Vernet depuis la fin de l\u2019ann\u00e9e 2024, In\u00e8s Karoui y a ouvert son atelier de beaut\u00e9. Titulaire d\u2019un CAP et d\u2019un baccalaur\u00e9at professionnel Esth\u00e9tique, Cosm\u00e9tique, Parfumerie, l\u2019esth\u00e9ticienne de 27 ans revient sur son activit\u00e9 et ses ambitions.<\/p>\n<p class=\"txt-question\">Pourquoi avoir ouvert un institut au Vernet ?<\/p>\n<p>J\u2019ai eu l\u2019opportunit\u00e9 de m\u2019installer au Vernet, un village auquel je suis tr\u00e8s attach\u00e9e, puisque mon p\u00e8re y a grandi. Apr\u00e8s plusieurs ann\u00e9es d\u2019exp\u00e9rience, j\u2019ai souhait\u00e9 y d\u00e9velopper mon activit\u00e9 et cr\u00e9er un univers qui me ressemble.<\/p>\n<p class=\"txt-question\">Quel premier bilan tirez-vous de votre entreprise ?<\/p>\n<p>Je suis tr\u00e8s heureuse de ce d\u00e9but d\u2019activit\u00e9. Il existe une v\u00e9ritable dynamique locale et les habitants sont en recherche de prestations de qualit\u00e9. C\u2019est un environnement tr\u00e8s encourageant, qui me conforte dans mon choix et me donne envie de continuer \u00e0 faire \u00e9voluer mon entreprise.<\/p>\n<p class=\"txt-question\">Quelles prestations proposez-vous ?<\/p>\n<p>Je propose diff\u00e9rentes prestations autour de la beaut\u00e9 et du bien-\u00eatre : soins des ongles, beaut\u00e9 du regard, \u00e9pilations, soins du visage et modelages du dos. Mon objectif est d\u2019offrir \u00e0 chaque personne un v\u00e9ritable moment de d\u00e9tente et de lui permettre de retrouver confiance en elle.<\/p>\n<p class=\"txt-question\">Qu\u2019est-ce qui distingue votre institut ?<\/p>\n<p>Mon institut se distingue par la diversit\u00e9 des prestations propos\u00e9es, afin que chaque cliente puisse y trouver tout ce dont elle a besoin, au m\u00eame endroit. J\u2019accorde aussi une grande importance \u00e0 l\u2019\u00e9coute et \u00e0 l\u2019accompagnement personnalis\u00e9. Ma plus belle r\u00e9compense est de voir mes clientes recommander mon institut \u00e0 leur entourage.<\/p>\n<p class=\"txt-question\">Avez-vous des projets de d\u00e9veloppement ?<\/p>\n<p>Oui, j\u2019envisage \u00e0 terme d\u2019ouvrir un v\u00e9ritable local d\u00e9di\u00e9 \u00e0 mon activit\u00e9. Aujourd\u2019hui, je re\u00e7ois mes clientes \u00e0 mon domicile. Cela me permettrait de d\u00e9velopper davantage les soins du visage en investissant dans des technologies innovantes et en proposant des prestations encore plus compl\u00e8tes.<\/p>\n","protected":false},"excerpt":{"rendered":"Install\u00e9e au Vernet depuis la fin de l\u2019ann\u00e9e 2024, In\u00e8s Karoui y a ouvert son atelier de beaut\u00e9.&hellip;\n","protected":false},"author":2,"featured_media":256493,"comment_status":"","ping_status":"","sticky":false,"template":"","format":"standard","meta":{"footnotes":"","_share_on_mastodon":"0"},"categories":[9],"tags":[1649,291,89,83,84,23,55954],"class_list":["post-256492","post","type-post","status-publish","format-standard","has-post-thumbnail","category-sante","tag-animations","tag-culture-et-loisirs","tag-haute-garonne","tag-health","tag-sante","tag-suisse","tag-vernet"],"share_on_mastodon":{"url":"https:\/\/pubeurope.com\/@ch_fr\/117080528148030690","error":""},"_links":{"self":[{"href":"https:\/\/www.europesays.com\/ch-fr\/wp-json\/wp\/v2\/posts\/256492","targetHints":{"allow":["GET"]}}],"collection":[{"href":"https:\/\/www.europesays.com\/ch-fr\/wp-json\/wp\/v2\/posts"}],"about":[{"href":"https:\/\/www.europesays.com\/ch-fr\/wp-json\/wp\/v2\/types\/post"}],"author":[{"embeddable":true,"href":"https:\/\/www.europesays.com\/ch-fr\/wp-json\/wp\/v2\/users\/2"}],"replies":[{"embeddable":true,"href":"https:\/\/www.europesays.com\/ch-fr\/wp-json\/wp\/v2\/comments?post=256492"}],"version-history":[{"count":0,"href":"https:\/\/www.europesays.com\/ch-fr\/wp-json\/wp\/v2\/posts\/256492\/revisions"}],"wp:featuredmedia":[{"embeddable":true,"href":"https:\/\/www.europesays.com\/ch-fr\/wp-json\/wp\/v2\/media\/256493"}],"wp:attachment":[{"href":"https:\/\/www.europesays.com\/ch-fr\/wp-json\/wp\/v2\/media?parent=256492"}],"wp:term":[{"taxonomy":"category","embeddable":true,"href":"https:\/\/www.europesays.com\/ch-fr\/wp-json\/wp\/v2\/categories?post=256492"},{"taxonomy":"post_tag","embeddable":true,"href":"https:\/\/www.europesays.com\/ch-fr\/wp-json\/wp\/v2\/tags?post=256492"}],"curies":[{"name":"wp","href":"https:\/\/api.w.org\/{rel}","templated":true}]}}