{"id":257545,"date":"2026-08-12T18:08:09","date_gmt":"2026-08-12T18:08:09","guid":{"rendered":"https:\/\/www.europesays.com\/ch-fr\/257545\/"},"modified":"2026-08-12T18:08:09","modified_gmt":"2026-08-12T18:08:09","slug":"haut-rhin-apres-la-diffusion-dune-photo-avec-une-actrice-x-au-commissariat-un-policier-vise-par-une-enquete","status":"publish","type":"post","link":"https:\/\/www.europesays.com\/ch-fr\/257545\/","title":{"rendered":"Haut-Rhin\u00a0: apr\u00e8s la diffusion d\u2019une photo avec une actrice X au commissariat, un policier vis\u00e9 par une enqu\u00eate"},"content":{"rendered":"<p data-ofstats-scroll=\"read_depth_40\">Des investigations d\u00e9clench\u00e9es par la diffusion d\u2019une photo. <a href=\"https:\/\/www.ouest-france.fr\/faits-divers\/harcelement\/soupconne-de-harcelement-sexuel-le-numero-2-du-raid-est-vise-par-une-enquete-administrative-de-ligpn-d026a3d4-59cb-11f1-8ba2-e862963f4a46\" target=\"_self\" rel=\"nofollow noopener\">Une enqu\u00eate administrative<\/a> a \u00e9t\u00e9 ouverte, visant le commandant divisionnaire du commissariat <a href=\"https:\/\/www.ouest-france.fr\/grand-est\/saint-louis-68300\/\" target=\"_self\" rel=\"nofollow noopener\">de Saint-Louis\u00a0(Haut-Rhin),<\/a> indique mercredi 12\u00a0ao\u00fbt 2026 l\u2019Agence France-Presse\u00a0(AFP), relayant une information  <a href=\"https:\/\/www.lecanardenchaine.fr\/police-justice\/54624-un-commandant-de-police-pose-avec-une-actrice-porno-bien-armee\" target=\"_self\" rel=\"nofollow noopener\">du Canard Encha\u00een\u00e9<\/a> . Le policier a post\u00e9 une photo de lui avec une actrice de porno \u00e0 qui il faisait visiter ses locaux, a d\u00e9taill\u00e9 une source polici\u00e8re.<\/p>\n<p data-ofstats-scroll=\"read_depth_60\">Selon l\u2019hebdomadaire satyrique, qui a d\u00e9voil\u00e9 l\u2019histoire, les faits se sont d\u00e9roul\u00e9s le 26\u00a0juin dernier, lors d\u2019une visite de l\u2019actrice de porno allemande, du nom de Lara Cumkitten. La photo, diffus\u00e9e sur Instagram, montre, sous le portrait officiel d\u2019Emmanuel Macron, le responsable policier en train d\u2019enlacer sa visiteuse.\u00a0Cette derni\u00e8re porte un polo bleu marine sigl\u00e9 \u00ab\u00a0police nationale\u00a0\u00bb.<\/p>\n<p>        Des photos depuis effac\u00e9es<\/p>\n<p data-ofstats-scroll=\"read_depth_80\">\u00ab\u00a0Qui a dit qu\u2019on ne faisait pas de rencontre int\u00e9ressante dans la police\u2026\u00a0?\u00a0\u00bb commentait le commandant sous la photo, entre-temps effac\u00e9e mais dont l\u2019AFP a r\u00e9alis\u00e9 une capture d\u2019\u00e9cran. Le compte Instagram de l\u2019officier est \u00e9galement pass\u00e9 en priv\u00e9.<\/p>\n<p data-ofstats-scroll=\"read_depth_100\">Selon Le Canard encha\u00een\u00e9, l\u2019actrice a aussi post\u00e9 sur le m\u00eame r\u00e9seau social des photos de sa visite au commissariat de Saint-Louis, o\u00f9 on la voit en uniforme au volant d\u2019une voiture de police, ou encore arborant un lanceur de balles de d\u00e9fense.<\/p>\n","protected":false},"excerpt":{"rendered":"Des investigations d\u00e9clench\u00e9es par la diffusion d\u2019une photo. Une enqu\u00eate administrative a \u00e9t\u00e9 ouverte, visant le commandant divisionnaire&hellip;\n","protected":false},"author":2,"featured_media":257546,"comment_status":"","ping_status":"","sticky":false,"template":"","format":"standard","meta":{"footnotes":"","_share_on_mastodon":"0"},"categories":[5],"tags":[1771,1748,4355,2656,40,306,6310,109,41,42],"class_list":["post-257545","post","type-post","status-publish","format-standard","has-post-thumbnail","category-international","tag-actualite-en-continu","tag-faits-divers","tag-grand-est","tag-haut-rhin","tag-international","tag-police","tag-saint-louis","tag-une","tag-world","tag-world-news"],"share_on_mastodon":{"url":"https:\/\/pubeurope.com\/@ch_fr\/117083878556136382","error":""},"_links":{"self":[{"href":"https:\/\/www.europesays.com\/ch-fr\/wp-json\/wp\/v2\/posts\/257545","targetHints":{"allow":["GET"]}}],"collection":[{"href":"https:\/\/www.europesays.com\/ch-fr\/wp-json\/wp\/v2\/posts"}],"about":[{"href":"https:\/\/www.europesays.com\/ch-fr\/wp-json\/wp\/v2\/types\/post"}],"author":[{"embeddable":true,"href":"https:\/\/www.europesays.com\/ch-fr\/wp-json\/wp\/v2\/users\/2"}],"replies":[{"embeddable":true,"href":"https:\/\/www.europesays.com\/ch-fr\/wp-json\/wp\/v2\/comments?post=257545"}],"version-history":[{"count":0,"href":"https:\/\/www.europesays.com\/ch-fr\/wp-json\/wp\/v2\/posts\/257545\/revisions"}],"wp:featuredmedia":[{"embeddable":true,"href":"https:\/\/www.europesays.com\/ch-fr\/wp-json\/wp\/v2\/media\/257546"}],"wp:attachment":[{"href":"https:\/\/www.europesays.com\/ch-fr\/wp-json\/wp\/v2\/media?parent=257545"}],"wp:term":[{"taxonomy":"category","embeddable":true,"href":"https:\/\/www.europesays.com\/ch-fr\/wp-json\/wp\/v2\/categories?post=257545"},{"taxonomy":"post_tag","embeddable":true,"href":"https:\/\/www.europesays.com\/ch-fr\/wp-json\/wp\/v2\/tags?post=257545"}],"curies":[{"name":"wp","href":"https:\/\/api.w.org\/{rel}","templated":true}]}}