{"id":257791,"date":"2026-08-12T21:55:11","date_gmt":"2026-08-12T21:55:11","guid":{"rendered":"https:\/\/www.europesays.com\/ch-fr\/257791\/"},"modified":"2026-08-12T21:55:11","modified_gmt":"2026-08-12T21:55:11","slug":"supercoupe-deurope-le-psg-simpose-face-a-aston-villa","status":"publish","type":"post","link":"https:\/\/www.europesays.com\/ch-fr\/257791\/","title":{"rendered":"Supercoupe d\u2019Europe: le PSG s\u2019impose face \u00e0 Aston Villa"},"content":{"rendered":"\n<p>        \u2013   <\/p>\n<p> Une seconde Supercoupe d\u2019Europe pour le PSG, qui bat Aston Villa <\/p>\n<p class=\"lead regular externalicon-big astro-odojtzmo\"> Le vainqueur de la Ligue des Champions s\u2019est impos\u00e9 2-1 ce mercredi soir face au tenant du titre de la Ligue Europa.  <\/p>\n<p>     Publi\u00e9 aujourd\u2019hui \u00e0 23h07   <\/p>\n<p>                        LinkedIn Lien copi\u00e9 Error occurred        Facebook Lien copi\u00e9 Error occurred        X Lien copi\u00e9 Error occurred           E-mail Lien copi\u00e9 Error occurred        Copier le lien Lien copi\u00e9 Error occurred                    <img decoding=\"async\" loading=\"eager\" fetchpriority=\"high\" src=\"https:\/\/www.europesays.com\/ch-fr\/wp-content\/uploads\/2026\/08\/EF6ksXdHazCBtvxsbVt5ix.jpg\" data-image-url=\"https:\/\/www.europesays.com\/ch-fr\/wp-content\/uploads\/2026\/08\/EF6ksXdHazCBtvxsbVt5ix.jpg\" alt=\"D\u00e9sir\u00e9 Dou\u00e9 du PSG c\u00e9l\u00e8bre son but lors du Troph\u00e9e des Super Coupes UEFA contre Aston Villa \u00e0 Salzbourg, bras grands ouverts.\" title=\"D\u00e9sir\u00e9 Dou\u00e9 du PSG c\u00e9l\u00e8bre son but lors du Troph\u00e9e des Super Coupes UEFA contre Aston Villa \u00e0 Salzbourg, bras grands ouverts.\" class=\"ResponsiveImage responsive-image astro-xbt4piv4\" style=\"background-color:#5C5551\" onload=\"this.style.backgroundColor = &quot;transparent&quot;\"\/>           <\/p>\n<p>D\u00e9sir\u00e9 Dou\u00e9 a offert la victoire au PSG.<\/p>\n<p>AP Photo\/Heinz-Peter Bader<\/p>\n<p class=\"astro-gkn4pfbc articleParagraph externalicon-big focus _content-width article-element astro-bqhs6jcx\">Le <a class=\"noExternalIcon astro-bqhs6jcx\" target=\"_self\" href=\"https:\/\/www.24heures.ch\/ligue-des-champions-le-psg-est-champion-deurope-995158597178\" data-article-link=\"https:\/\/www.24heures.ch\/ligue-des-champions-le-psg-est-champion-deurope-995158597178\" rel=\"nofollow noopener\">Paris Saint-Germain<\/a> a domin\u00e9 <a class=\"noExternalIcon astro-bqhs6jcx\" target=\"_self\" href=\"https:\/\/www.24heures.ch\/ligue-europa-aston-villa-sacre-champion-face-a-fribourg-737397650457\" data-article-link=\"https:\/\/www.24heures.ch\/ligue-europa-aston-villa-sacre-champion-face-a-fribourg-737397650457\" rel=\"nofollow noopener\">Aston Villa<\/a> ce mercredi soir pour remporter sa deuxi\u00e8me <a class=\" astro-bqhs6jcx\" target=\"_blank\" rel=\"noopener noreferrer nofollow\" href=\"https:\/\/fr.uefa.com\/uefasupercup\/\" data-article-link=\"https:\/\/fr.uefa.com\/uefasupercup\/\">Supercoupe d\u2019Europe<\/a>, duel opposant le vainqueur de la Ligue des champions \u00e0 celui de l\u2019Europa League. Les Fran\u00e7ais se sont impos\u00e9s 2-1 \u00e0 Salzbourg, en Autriche.<\/p>\n<p class=\"astro-gkn4pfbc articleParagraph externalicon-big focus _content-width article-element astro-bqhs6jcx\">Un an apr\u00e8s avoir remport\u00e9 pour la premi\u00e8re fois le troph\u00e9e contre Tottenham, les Parisiens ont remis \u00e7a face \u00e0 un autre club anglais. Ils ont pourtant commenc\u00e9 le match sans leur Ballon d\u2019or Ousmane Demb\u00e9l\u00e9, remplac\u00e9 par le nouveau venu Maghnes Akliouche et entr\u00e9 en jeu \u00e0 la mi-temps.<\/p>\n<p class=\"hint astro-27fpiggi\">\u00c0 ce stade, vous trouverez des contenus externes suppl\u00e9mentaires. Si vous acceptez que des cookies soient plac\u00e9s par des fournisseurs externes et que des donn\u00e9es personnelles soient ainsi transmises \u00e0 ces derniers, vous devez autoriser tous les cookies et afficher directement le contenu externe.<\/p>\n<p>  Autoriser les cookies   Plus d&rsquo;infos     <\/p>\n<p class=\"astro-gkn4pfbc articleParagraph externalicon-big focus _content-width article-element astro-bqhs6jcx\">Les Villans \u00e9taient quant \u00e0 eux priv\u00e9s de Johan Manzambi, devenu cet \u00e9t\u00e9 le joueur le plus cher de l\u2019histoire du football suisse. Le Genevois de 20 ans n\u2019est toujours pas remis de sa blessure au genou gauche contract\u00e9 lors de la Coupe du monde et doit patienter avant de faire ses d\u00e9buts avec son nouveau club.<\/p>\n<p> La r\u00e9v\u00e9lation Brian Madjo<\/p>\n<p class=\"astro-gkn4pfbc articleParagraph externalicon-big focus _content-width article-element astro-bqhs6jcx\">C\u2019est un autre jeune joueur arriv\u00e9 \u00e0 Birmingham lors du mercato qui a permis \u00e0 Aston Villa de longtemps rivaliser avec le PSG: Brian Madjo. L\u2019Anglais de 17 ans a r\u00e9pondu \u00e0 l\u2019ouverture du score de Khvicha Kvaratskhelia (20e) en \u00e9galisant juste avant la mi-temps (45e) apr\u00e8s s\u2019est procur\u00e9 plusieurs chances de marquer (28e, 35e, 41e).<\/p>\n<p class=\"astro-gkn4pfbc articleParagraph externalicon-big focus _content-width article-element astro-bqhs6jcx\">Ce match arbitr\u00e9 par le Somalien Omar Artan, qui avait \u00e9t\u00e9 refoul\u00e9 par l\u2019administration Trump \u00e0 son arriv\u00e9e aux Etats-Unis pour le Mondial, a finalement tourn\u00e9 en faveur des hommes de Luis Enrique lors de la deuxi\u00e8me mi-temps. A la 65e, D\u00e9sir\u00e9 Dou\u00e9 a exploit\u00e9 un tr\u00e8s mauvais alignement de Matty Cash pour aller d\u00e9fier et ajuster Marco Bizot sur la droite. De quoi lancer id\u00e9alement la saison des Parisiens, qui viseront un troisi\u00e8me sacre cons\u00e9cutif en Ligue des champions.<\/p>\n<p class=\"boxtitle astro-hwrdf5ss astro-bqhs6jcx\">Au sujet du PSG et d\u2019Aston Villa<\/p>\n","protected":false},"excerpt":{"rendered":"\u2013 Une seconde Supercoupe d\u2019Europe pour le PSG, qui bat Aston Villa Le vainqueur de la Ligue des&hellip;\n","protected":false},"author":2,"featured_media":257792,"comment_status":"","ping_status":"","sticky":false,"template":"","format":"standard","meta":{"footnotes":"","_share_on_mastodon":"0"},"categories":[8],"tags":[11309,6488,75,23],"class_list":["post-257791","post","type-post","status-publish","format-standard","has-post-thumbnail","category-sports","tag-facts","tag-paris-st-germain-psg","tag-sports","tag-suisse"],"share_on_mastodon":{"url":"https:\/\/pubeurope.com\/@ch_fr\/117084771650263283","error":""},"_links":{"self":[{"href":"https:\/\/www.europesays.com\/ch-fr\/wp-json\/wp\/v2\/posts\/257791","targetHints":{"allow":["GET"]}}],"collection":[{"href":"https:\/\/www.europesays.com\/ch-fr\/wp-json\/wp\/v2\/posts"}],"about":[{"href":"https:\/\/www.europesays.com\/ch-fr\/wp-json\/wp\/v2\/types\/post"}],"author":[{"embeddable":true,"href":"https:\/\/www.europesays.com\/ch-fr\/wp-json\/wp\/v2\/users\/2"}],"replies":[{"embeddable":true,"href":"https:\/\/www.europesays.com\/ch-fr\/wp-json\/wp\/v2\/comments?post=257791"}],"version-history":[{"count":0,"href":"https:\/\/www.europesays.com\/ch-fr\/wp-json\/wp\/v2\/posts\/257791\/revisions"}],"wp:featuredmedia":[{"embeddable":true,"href":"https:\/\/www.europesays.com\/ch-fr\/wp-json\/wp\/v2\/media\/257792"}],"wp:attachment":[{"href":"https:\/\/www.europesays.com\/ch-fr\/wp-json\/wp\/v2\/media?parent=257791"}],"wp:term":[{"taxonomy":"category","embeddable":true,"href":"https:\/\/www.europesays.com\/ch-fr\/wp-json\/wp\/v2\/categories?post=257791"},{"taxonomy":"post_tag","embeddable":true,"href":"https:\/\/www.europesays.com\/ch-fr\/wp-json\/wp\/v2\/tags?post=257791"}],"curies":[{"name":"wp","href":"https:\/\/api.w.org\/{rel}","templated":true}]}}