{"id":257901,"date":"2026-08-13T00:07:45","date_gmt":"2026-08-13T00:07:45","guid":{"rendered":"https:\/\/www.europesays.com\/ch-fr\/257901\/"},"modified":"2026-08-13T00:07:45","modified_gmt":"2026-08-13T00:07:45","slug":"cheveux-2-5-le-pouvoir-du-gris","status":"publish","type":"post","link":"https:\/\/www.europesays.com\/ch-fr\/257901\/","title":{"rendered":"Cheveux (2\/5) &#8211; Le pouvoir du gris"},"content":{"rendered":"<p> De nombreuses femmes laissent appara\u00eetre leurs cheveux gris quand ils apparaissent, quel que soit leur \u00e2ge: elles ont d\u00e9cid\u00e9 de s&rsquo;accepter comme elles sont. D&rsquo;autres renoncent \u00e0 se les teindre apr\u00e8s des ann\u00e9es. Mais la transition n&rsquo;est pas simple: la stigmatisation des \u00ab\u00a0vieilles femmes\u00a0\u00bb reste tenace et a un impact sur les relations sociales.<\/p>\n<p>Reportages de Quentin Bohlen<br \/>R\u00e9alisation: Jonathan Haslebacher<br \/>Production: Rapha\u00eble Bouchet<\/p>\n<p>Premi\u00e8re diffusion le 26 octobre 2025.<\/p>\n","protected":false},"excerpt":{"rendered":"De nombreuses femmes laissent appara\u00eetre leurs cheveux gris quand ils apparaissent, quel que soit leur \u00e2ge: elles ont&hellip;\n","protected":false},"author":2,"featured_media":257902,"comment_status":"","ping_status":"","sticky":false,"template":"","format":"standard","meta":{"footnotes":"","_share_on_mastodon":"0"},"categories":[10],"tags":[113,4560,112,849,851,23,53474],"class_list":["post-257901","post","type-post","status-publish","format-standard","has-post-thumbnail","category-divertissement","tag-divertissement","tag-documentaires-et-reportages","tag-entertainment","tag-la-1ere","tag-media-radio","tag-suisse","tag-vacarme"],"share_on_mastodon":{"url":"https:\/\/pubeurope.com\/@ch_fr\/117085290413161213","error":""},"_links":{"self":[{"href":"https:\/\/www.europesays.com\/ch-fr\/wp-json\/wp\/v2\/posts\/257901","targetHints":{"allow":["GET"]}}],"collection":[{"href":"https:\/\/www.europesays.com\/ch-fr\/wp-json\/wp\/v2\/posts"}],"about":[{"href":"https:\/\/www.europesays.com\/ch-fr\/wp-json\/wp\/v2\/types\/post"}],"author":[{"embeddable":true,"href":"https:\/\/www.europesays.com\/ch-fr\/wp-json\/wp\/v2\/users\/2"}],"replies":[{"embeddable":true,"href":"https:\/\/www.europesays.com\/ch-fr\/wp-json\/wp\/v2\/comments?post=257901"}],"version-history":[{"count":0,"href":"https:\/\/www.europesays.com\/ch-fr\/wp-json\/wp\/v2\/posts\/257901\/revisions"}],"wp:featuredmedia":[{"embeddable":true,"href":"https:\/\/www.europesays.com\/ch-fr\/wp-json\/wp\/v2\/media\/257902"}],"wp:attachment":[{"href":"https:\/\/www.europesays.com\/ch-fr\/wp-json\/wp\/v2\/media?parent=257901"}],"wp:term":[{"taxonomy":"category","embeddable":true,"href":"https:\/\/www.europesays.com\/ch-fr\/wp-json\/wp\/v2\/categories?post=257901"},{"taxonomy":"post_tag","embeddable":true,"href":"https:\/\/www.europesays.com\/ch-fr\/wp-json\/wp\/v2\/tags?post=257901"}],"curies":[{"name":"wp","href":"https:\/\/api.w.org\/{rel}","templated":true}]}}