{"id":260331,"date":"2026-08-14T12:42:24","date_gmt":"2026-08-14T12:42:24","guid":{"rendered":"https:\/\/www.europesays.com\/ch-fr\/260331\/"},"modified":"2026-08-14T12:42:24","modified_gmt":"2026-08-14T12:42:24","slug":"ouverture-du-congres-international-des-sciences-fondamentales-2026-a-pekin","status":"publish","type":"post","link":"https:\/\/www.europesays.com\/ch-fr\/260331\/","title":{"rendered":"Ouverture du Congr\u00e8s international des sciences fondamentales 2026 \u00e0 P\u00e9kin"},"content":{"rendered":"\n<p class=\"text text-block paragraph text-left neo-font-paragraph-xl-reg  yf-18d6y07\" style=\"text-decoration: none; font-style: normal; text-transform: none; text-align: inherit; font-variant-numeric: normal;\">P\u00c9KIN, 14 ao\u00fbt 2026 \/PRNewswire\/ &#8212; Le Congr\u00e8s international des sciences fondamentales 2026 (ICBS 2026) s&rsquo;est ouvert le 9 ao\u00fbt \u00e0 P\u00e9kin, r\u00e9unissant quatre laur\u00e9ats de la m\u00e9daille Fields \u2014 Shing-Tung Yau, Maxim Kontsevich, Martin Hairer et Caucher Birkar \u2014 ainsi que Robert Tarjan, laur\u00e9at du prix Turing, aux c\u00f4t\u00e9s de Li Luming, pr\u00e9sident de l&rsquo;universit\u00e9 de Tsinghua. Plus de 80\u00a0laur\u00e9ats du Prix Shaw, du Prix Wolf et de la M\u00e9daille Dirac, quelque 400\u00a0universitaires de renomm\u00e9e internationale, ainsi que plus de 800\u00a0chercheurs et \u00e9tudiants issus de plus de 30\u00a0pays et r\u00e9gions se sont r\u00e9unis \u00e0 l&rsquo;occasion de cet \u00e9v\u00e9nement majeur.  <\/p>\n<p class=\"text text-block paragraph text-left neo-font-paragraph-xl-reg  yf-18d6y07\" style=\"text-decoration: none; font-style: normal; text-transform: none; text-align: inherit; font-variant-numeric: normal;\">Au nom de l&rsquo;universit\u00e9 de Tsinghua, Li Luming a souhait\u00e9 la bienvenue aux scientifiques chinois et internationaux participant \u00e0 l&rsquo;\u00e9v\u00e9nement et a soulign\u00e9 le r\u00f4le important que les grandes universit\u00e9s de recherche doivent jouer dans la promotion de la recherche fondamentale \u00e0 l&rsquo;\u00e8re de l&rsquo;IA. Ces derni\u00e8res ann\u00e9es, l&rsquo;universit\u00e9 de Tsinghua a renforc\u00e9 son engagement en faveur des disciplines fondamentales en augmentant ses investissements, en attirant des chercheurs de renomm\u00e9e mondiale, en tirant parti de l&rsquo;intelligence artificielle pour acc\u00e9l\u00e9rer les d\u00e9couvertes scientifiques et en renfor\u00e7ant sa capacit\u00e9 \u00e0 former de mani\u00e8re autonome de nouveaux talents. \u00c0 l&rsquo;avenir, l&rsquo;universit\u00e9 de Tsinghua renforcera sa capacit\u00e9 d&rsquo;innovation originale, formera les futurs talents de la recherche fondamentale et contribuera encore plus \u00e0 l&rsquo;\u00e9largissement des fronti\u00e8res du savoir humain et au progr\u00e8s de la civilisation humaine.  <\/p>\n<p class=\"text text-block paragraph text-left neo-font-paragraph-xl-reg  yf-18d6y07\" style=\"text-decoration: none; font-style: normal; text-transform: none; text-align: inherit; font-variant-numeric: normal;\">Dans son allocution, M. Yau, pr\u00e9sident de l&rsquo;ICBS, a soulign\u00e9 que la Chine avait intensifi\u00e9 son soutien \u00e0 la recherche fondamentale gr\u00e2ce \u00e0 une augmentation des financements, \u00e0 des initiatives politiques, au d\u00e9veloppement des talents et \u00e0 des investissements dans les infrastructures de recherche. Si l&rsquo;IA peut acc\u00e9l\u00e9rer consid\u00e9rablement la d\u00e9duction math\u00e9matique et la d\u00e9monstration de th\u00e9or\u00e8mes, elle ne remplace pas pour autant la capacit\u00e9 humaine \u00e0 faire preuve de cr\u00e9ativit\u00e9 et d&rsquo;intuition, ni la qu\u00eate \u00e9ternelle de r\u00e9ponses \u00e0 des questions dont on ignore encore la solution. Les avanc\u00e9es majeures en sciences fondamentales naissent toujours \u00e0 la crois\u00e9e des disciplines et de la volont\u00e9 de s&rsquo;aventurer en terrain inconnu.  <\/p>\n<p class=\"text text-block paragraph text-left neo-font-paragraph-xl-reg  yf-18d6y07\" style=\"text-decoration: none; font-style: normal; text-transform: none; text-align: inherit; font-variant-numeric: normal;\">Deux distinctions importantes ont \u00e9t\u00e9 d\u00e9cern\u00e9es au cours de la c\u00e9r\u00e9monie\u00a0: la m\u00e9daille de l&rsquo;ICBS et le prix \u00ab\u00a0Frontiers of Science\u00a0\u00bb.  <\/p>\n<p class=\"text text-block paragraph text-left neo-font-paragraph-xl-reg  yf-18d6y07\" style=\"text-decoration: none; font-style: normal; text-transform: none; text-align: inherit; font-variant-numeric: normal;\">Neuf scientifiques ont re\u00e7u la premi\u00e8re m\u00e9daille de l&rsquo;ICBS pour leurs contributions dans les domaines des math\u00e9matiques, de la physique et de l&rsquo;ing\u00e9nierie\u00a0: Claire Voisin, Horng-Tzer Yau, Shouwu Zhang, Andrea J. Liu, Yifang Wang, Xiao-gang Wen, Zhenan Bao, Xiaowei Zhuang et Feng Zhang. Quatre des m\u00e9daill\u00e9s de cette ann\u00e9e sont des femmes.  <\/p>\n","protected":false},"excerpt":{"rendered":"P\u00c9KIN, 14 ao\u00fbt 2026 \/PRNewswire\/ &#8212; Le Congr\u00e8s international des sciences fondamentales 2026 (ICBS 2026) s&rsquo;est ouvert le&hellip;\n","protected":false},"author":2,"featured_media":260332,"comment_status":"","ping_status":"","sticky":false,"template":"","format":"standard","meta":{"footnotes":"","_share_on_mastodon":"0"},"categories":[7],"tags":[56543,56541,31833,61,57,59,58,56540,23,60,62,56542],"class_list":["post-260331","post","type-post","status-publish","format-standard","has-post-thumbnail","category-sciences-et-technologies","tag-infrastructures-de-recherche","tag-recherche-fondamentale","tag-renommee-internationale","tag-science","tag-science-and-technology","tag-sciences","tag-sciences-et-technologies","tag-sciences-fondamentales","tag-suisse","tag-technologies","tag-technology","tag-tsinghua"],"share_on_mastodon":{"url":"https:\/\/pubeurope.com\/@ch_fr\/117093921192308530","error":""},"_links":{"self":[{"href":"https:\/\/www.europesays.com\/ch-fr\/wp-json\/wp\/v2\/posts\/260331","targetHints":{"allow":["GET"]}}],"collection":[{"href":"https:\/\/www.europesays.com\/ch-fr\/wp-json\/wp\/v2\/posts"}],"about":[{"href":"https:\/\/www.europesays.com\/ch-fr\/wp-json\/wp\/v2\/types\/post"}],"author":[{"embeddable":true,"href":"https:\/\/www.europesays.com\/ch-fr\/wp-json\/wp\/v2\/users\/2"}],"replies":[{"embeddable":true,"href":"https:\/\/www.europesays.com\/ch-fr\/wp-json\/wp\/v2\/comments?post=260331"}],"version-history":[{"count":0,"href":"https:\/\/www.europesays.com\/ch-fr\/wp-json\/wp\/v2\/posts\/260331\/revisions"}],"wp:featuredmedia":[{"embeddable":true,"href":"https:\/\/www.europesays.com\/ch-fr\/wp-json\/wp\/v2\/media\/260332"}],"wp:attachment":[{"href":"https:\/\/www.europesays.com\/ch-fr\/wp-json\/wp\/v2\/media?parent=260331"}],"wp:term":[{"taxonomy":"category","embeddable":true,"href":"https:\/\/www.europesays.com\/ch-fr\/wp-json\/wp\/v2\/categories?post=260331"},{"taxonomy":"post_tag","embeddable":true,"href":"https:\/\/www.europesays.com\/ch-fr\/wp-json\/wp\/v2\/tags?post=260331"}],"curies":[{"name":"wp","href":"https:\/\/api.w.org\/{rel}","templated":true}]}}