{"id":262397,"date":"2026-08-16T05:09:06","date_gmt":"2026-08-16T05:09:06","guid":{"rendered":"https:\/\/www.europesays.com\/ch-fr\/262397\/"},"modified":"2026-08-16T05:09:06","modified_gmt":"2026-08-16T05:09:06","slug":"jacob-petersen-senior-vice-president-de-novo-nordisk-convaincre-que-lobesite-etait-une-maladie-a-ete-notre-plus-grand-defi","status":"publish","type":"post","link":"https:\/\/www.europesays.com\/ch-fr\/262397\/","title":{"rendered":"Jacob Petersen, senior vice-pr\u00e9sident de Novo Nordisk : \u00ab Convaincre que l\u2019ob\u00e9sit\u00e9 \u00e9tait une maladie a \u00e9t\u00e9 notre plus grand d\u00e9fi \u00bb"},"content":{"rendered":"<p>ENTRETIEN \u2014 Le patron de la recherche du laboratoire danois raconte en exclusivit\u00e9 \u00e0 \u00ab\u202fLa Tribune Dimanche\u202f\u00bb la gen\u00e8se de la d\u00e9couverte de l\u2019Ozempic.<\/p>\n<p>LA TRIBUNE DIMANCHE \u2014 Novo Nordisk est synonyme d\u2019insuline depuis plus d\u2019un si\u00e8cle. Comment l\u2019entreprise est-elle pass\u00e9e du traitement du diab\u00e8te \u00e0 celui de l\u2019ob\u00e9sit\u00e9 ?<br \/>JACOB PETERSON \u2014 Nous avons commenc\u00e9 \u00e0 explorer une nouvelle classe de compos\u00e9s, les GLP-1, pour traiter potentiellement le diab\u00e8te de type\u202f1 et de type\u202f2, il y a plus de 30 ans. Ces mol\u00e9cules aident \u00e0 r\u00e9guler la glyc\u00e9mie, en stimulant la lib\u00e9ration d\u2019insuline et en ralentissant la digestion. Tr\u00e8s t\u00f4t, nous avons observ\u00e9 leur impact sur la <a href=\"https:\/\/www.latribune.fr\/entreprises-finance\/industrie\/chimie-pharmacie\/pilule-anti-obesite-les-raisons-de-la-course-contre-la-montre-des-laboratoires-1023404.html\" target=\"_blank\" rel=\"noopener noreferrer nofollow\" article-id=\"1072891226336514\">perte de poids<\/a>.<\/p>\n<p>\u00c0 l\u2019\u00e9poque, l\u2019<a href=\"https:\/\/www.latribune.fr\/entreprises-finance\/industrie\/chimie-pharmacie\/la-france-mal-armee-contre-l-explosion-de-l-obesite-1019678.html\" target=\"_blank\" rel=\"noopener noreferrer nofollow\" article-id=\"5665344118989614\">ob\u00e9sit\u00e9<\/a> n\u2019\u00e9tait ni largement reconnue ni trait\u00e9e comme une maladie. Mais per\u00e7ue le plus souvent comme le r\u00e9sultat d\u2019un manque de volont\u00e9 \u2013 ou d\u2019un probl\u00e8me psychologique \u2013, pouvant \u00eatre r\u00e9solu gr\u00e2ce \u00e0 de l\u2019exercice physique et un r\u00e9gime alimentaire. Mais nous savons, scientifiquement, que pour la grande majorit\u00e9 des patients atteints d\u2019ob\u00e9sit\u00e9, la reprise de poids est in\u00e9vitable d\u00e8s l\u2019interruption de ces efforts. Ils ne sont donc pas une solution durable.<\/p>\n<p><a target=\"_self\" href=\"https:\/\/www.latribune.fr\/article\/economie\/46305959491627\/obesite-wegovy-et-mounjaro-rembourses-a-partir-de-ce-lundi-sous-conditions\" rel=\"nofollow noopener\"><\/p>\n<p class=\"text-[12px] mb-[12px] font-bold ltd:leading-[16px]\">A LIRE AUSSI<\/p>\n<p class=\"text-[20px] ac:text-[18px] leading-[120%] ac:leading-[130%] text-lt-primary-dark ac:text-ac-primary font-slab font-bold ltd:font-semibold ltd:tracking-[-0.4px] ac:font-ac-slab ltd:font-ltd-slab\">Ob\u00e9sit\u00e9\u00a0: Wegovy et Mounjaro rembours\u00e9s \u00e0 partir de ce lundi, sous conditions<\/p>\n<p><\/a><\/p>\n<p>Comment avez-vous transform\u00e9 cette hormone en m\u00e9dicament\u2009?<br \/>Le principal d\u00e9fi \u00e9tait la bri\u00e8vet\u00e9 de vie de l\u2019hormone naturelle dans le corps \u2013\u202fquelques minutes seulement. Obtenir un effet th\u00e9rapeutique aurait n\u00e9cessit\u00e9 des centaines d\u2019injections chaque jour. Gr\u00e2ce \u00e0 l\u2019ing\u00e9nierie des prot\u00e9ines, nous avons d\u00e9velopp\u00e9 le premier analogue du <a href=\"https:\/\/www.latribune.fr\/article\/economie\/agroconso\/65975843623268\/medicament-anti-obesite-les-comprimes-de-novo-nordisk-en-passe-detre-autorises-en-europe\" target=\"_blank\" rel=\"noopener noreferrer nofollow\" article-id=\"65975843623268\">GLP-1<\/a> \u00e0 action prolong\u00e9e. Il \u00e9tait initialement administr\u00e9 sous forme d\u2019injection quotidienne pour le diab\u00e8te de type\u202f2, puis plus tard pour l\u2019ob\u00e9sit\u00e9.<\/p>\n","protected":false},"excerpt":{"rendered":"ENTRETIEN \u2014 Le patron de la recherche du laboratoire danois raconte en exclusivit\u00e9 \u00e0 \u00ab\u202fLa Tribune Dimanche\u202f\u00bb la&hellip;\n","protected":false},"author":2,"featured_media":262398,"comment_status":"","ping_status":"","sticky":false,"template":"","format":"standard","meta":{"footnotes":"","_share_on_mastodon":"0"},"categories":[9],"tags":[449,83,56997,2423,84,56998,23],"class_list":["post-262397","post","type-post","status-publish","format-standard","has-post-thumbnail","category-sante","tag-449","tag-health","tag-jacob-petersen","tag-la-tribune-dimanche","tag-sante","tag-senior-vice","tag-suisse"],"share_on_mastodon":{"url":"https:\/\/pubeurope.com\/@ch_fr\/117103464506894473","error":""},"_links":{"self":[{"href":"https:\/\/www.europesays.com\/ch-fr\/wp-json\/wp\/v2\/posts\/262397","targetHints":{"allow":["GET"]}}],"collection":[{"href":"https:\/\/www.europesays.com\/ch-fr\/wp-json\/wp\/v2\/posts"}],"about":[{"href":"https:\/\/www.europesays.com\/ch-fr\/wp-json\/wp\/v2\/types\/post"}],"author":[{"embeddable":true,"href":"https:\/\/www.europesays.com\/ch-fr\/wp-json\/wp\/v2\/users\/2"}],"replies":[{"embeddable":true,"href":"https:\/\/www.europesays.com\/ch-fr\/wp-json\/wp\/v2\/comments?post=262397"}],"version-history":[{"count":0,"href":"https:\/\/www.europesays.com\/ch-fr\/wp-json\/wp\/v2\/posts\/262397\/revisions"}],"wp:featuredmedia":[{"embeddable":true,"href":"https:\/\/www.europesays.com\/ch-fr\/wp-json\/wp\/v2\/media\/262398"}],"wp:attachment":[{"href":"https:\/\/www.europesays.com\/ch-fr\/wp-json\/wp\/v2\/media?parent=262397"}],"wp:term":[{"taxonomy":"category","embeddable":true,"href":"https:\/\/www.europesays.com\/ch-fr\/wp-json\/wp\/v2\/categories?post=262397"},{"taxonomy":"post_tag","embeddable":true,"href":"https:\/\/www.europesays.com\/ch-fr\/wp-json\/wp\/v2\/tags?post=262397"}],"curies":[{"name":"wp","href":"https:\/\/api.w.org\/{rel}","templated":true}]}}