{"id":264301,"date":"2026-08-17T13:42:11","date_gmt":"2026-08-17T13:42:11","guid":{"rendered":"https:\/\/www.europesays.com\/ch-fr\/264301\/"},"modified":"2026-08-17T13:42:11","modified_gmt":"2026-08-17T13:42:11","slug":"camille-morineau-1-5-tout-commence-par-la-lecture","status":"publish","type":"post","link":"https:\/\/www.europesays.com\/ch-fr\/264301\/","title":{"rendered":"Camille Morineau 1\/5 &#8211; Tout commence par la lecture"},"content":{"rendered":"<p> Camille Morineau est historienne de l\u02b9art, chercheuse et commissaire d\u02b9exposition fran\u00e7aise. En 2009, elle marque durablement le paysage mus\u00e9al avec Elles, une exposition manifeste pr\u00e9sent\u00e9e au Centre Pompidou \u00e0 Paris : un projet in\u00e9dit, consacr\u00e9 aux artistes femmes des collections du mus\u00e9e, qui attire plus de deux millions et demi de visiteurs et se prolonge pr\u00e8s de deux ans. En 2014, apr\u00e8s avoir sign\u00e9 une derni\u00e8re grande exposition autour de la figure plurielle et avant-gardiste de Niki de Saint Phalle, elle quitte le cadre institutionnel pour fonder Aware \u2014 Archives of Women Artists, Research and Exhibition. Cette plateforme de recherche a pour objectif de rendre visibles les artistes femmes et non binaires et de cr\u00e9er un outil durable de documentation et de diffusion. Son parcours s\u02b9est construit tr\u00e8s t\u00f4t autour d\u02b9un rapport intime aux livres, aux r\u00e9cits et \u00e0 l\u02b9histoire, et d\u02b9une ouverture internationale d\u00e9cisive qui fa\u00e7onnera durablement son regard sur l\u02b9art et ses angles morts, et guidera ses projets de recherche et d\u02b9exposition.<br \/>Une s\u00e9rie de Florence Grivel.<\/p>\n<p>Camille Morineau lit depuis toujours, un crayon \u00e0 la main, par politesse pour le livre avec lequel elle dialogue. La lecture est pour elle refuge, lieu d\u02b9apprentissage et d\u00e9couverte du monde. Elle apprend \u00e0 lire seule, se nourrit des r\u00e9cits trouv\u00e9s dans les livres, de ceux transmis par deux grands-m\u00e8res marqu\u00e9es par la guerre, puis de ceux qu\u02b9elle active lors de ses s\u00e9jours \u00e0 San Francisco \u00e0 9 et 11 ans, chez une marraine inspirante. Autant d\u02b9exp\u00e9riences fondatrices qui irrigueront plus tard son travail d\u02b9historienne de l\u02b9art, d\u02b9\u00e9ditrice et de commissaire d\u02b9exposition, et qu\u02b9elle d\u00e9posera \u00e0 son tour dans les livres qu\u02b9elle \u00e9crira et dans les expositions qu\u02b9elle concevra, comme celle consacr\u00e9e en 2014 \u00e0 Niki de Saint Phalle<\/p>\n","protected":false},"excerpt":{"rendered":"Camille Morineau est historienne de l\u02b9art, chercheuse et commissaire d\u02b9exposition fran\u00e7aise. En 2009, elle marque durablement le paysage&hellip;\n","protected":false},"author":2,"featured_media":264302,"comment_status":"","ping_status":"","sticky":false,"template":"","format":"standard","meta":{"footnotes":"","_share_on_mastodon":"0"},"categories":[10],"tags":[172,113,112,1724,13124,26944,851,23],"class_list":["post-264301","post","type-post","status-publish","format-standard","has-post-thumbnail","category-divertissement","tag-culture","tag-divertissement","tag-entertainment","tag-entretiens","tag-espace-2","tag-la-vie-a-peu-pres","tag-media-radio","tag-suisse"],"share_on_mastodon":{"url":"https:\/\/pubeurope.com\/@ch_fr\/117111144073563194","error":""},"_links":{"self":[{"href":"https:\/\/www.europesays.com\/ch-fr\/wp-json\/wp\/v2\/posts\/264301","targetHints":{"allow":["GET"]}}],"collection":[{"href":"https:\/\/www.europesays.com\/ch-fr\/wp-json\/wp\/v2\/posts"}],"about":[{"href":"https:\/\/www.europesays.com\/ch-fr\/wp-json\/wp\/v2\/types\/post"}],"author":[{"embeddable":true,"href":"https:\/\/www.europesays.com\/ch-fr\/wp-json\/wp\/v2\/users\/2"}],"replies":[{"embeddable":true,"href":"https:\/\/www.europesays.com\/ch-fr\/wp-json\/wp\/v2\/comments?post=264301"}],"version-history":[{"count":0,"href":"https:\/\/www.europesays.com\/ch-fr\/wp-json\/wp\/v2\/posts\/264301\/revisions"}],"wp:featuredmedia":[{"embeddable":true,"href":"https:\/\/www.europesays.com\/ch-fr\/wp-json\/wp\/v2\/media\/264302"}],"wp:attachment":[{"href":"https:\/\/www.europesays.com\/ch-fr\/wp-json\/wp\/v2\/media?parent=264301"}],"wp:term":[{"taxonomy":"category","embeddable":true,"href":"https:\/\/www.europesays.com\/ch-fr\/wp-json\/wp\/v2\/categories?post=264301"},{"taxonomy":"post_tag","embeddable":true,"href":"https:\/\/www.europesays.com\/ch-fr\/wp-json\/wp\/v2\/tags?post=264301"}],"curies":[{"name":"wp","href":"https:\/\/api.w.org\/{rel}","templated":true}]}}