{"id":264809,"date":"2026-08-17T20:02:34","date_gmt":"2026-08-17T20:02:34","guid":{"rendered":"https:\/\/www.europesays.com\/ch-fr\/264809\/"},"modified":"2026-08-17T20:02:34","modified_gmt":"2026-08-17T20:02:34","slug":"festival-experimentalsonic-matter2026-zurich-rts","status":"publish","type":"post","link":"https:\/\/www.europesays.com\/ch-fr\/264809\/","title":{"rendered":"Festival exp\u00e9rimental\u00a0\u00bbSonic Matter\u00a0\u00bb2026 (Zurich) | RTS"},"content":{"rendered":"\n<p>Le festival SONIC MATTER se d\u00e9roule chaque ann\u00e9e pendant quatre jours au cours des mois d&rsquo;hiver. Il se d\u00e9roule dans diff\u00e9rents lieux de Zurich. Il rassemble des artistes de Suisse et du monde entier. Chaque ann\u00e9e, les concerts, les paysages sonores, les performances, les expositions, les salons, les nuits dans les clubs et les discussions du festival sont orient\u00e9es par un nouveau th\u00e8me. Le festival SONIC MATTER s&rsquo;est d\u00e9roul\u00e9 lieu du 26 f\u00e9vrier au 1er mars 2026 sur le th\u00e8me de la \u00ab\u00a0d\u00e9rive\u00a0\u00bb.<br \/>Focus sur le projet de Dimitri de Perrot et du kollektiv i\u0438ter\u0438atio\u0438al totem: \u00ab\u00a0SCHAUFENSTER #3: The Listening Protocol\u00a0\u00bb (2026) donn\u00e9 en cr\u00e9ation<br \/>L&rsquo;artiste sonore Dimitri de Perrot, et les 3 performers de Totem (L\u00e9o Collin, Key Zhang et Nuriia Khasenova) sont au micri d&rsquo;Anne Gillot<br \/>Hommage \u00e0 Eliane Radigue avec la diffusion du concert enregistr\u00e9 le 3 d\u00e9cembre 2022 au Festival Sonic Matter.<\/p>\n<p>       Programme musical    <\/p>\n<p>L\u00e9o Collin, Key Zhang, Nuriia KhasenovaListening protocolSchaufenster<\/p>\n<p>Six TonesTu Dai OanDB Productions<\/p>\n<p>Stefan \u00d6stersj\u00f6, Thanh Th\u1ee7y Nguy\u1ec5n, My Ng\u00f4 Tr\u00e0, Henrik FriskKim (metal)DB Productions<\/p>\n<p>Eliane RadigueOccam XI f\u00fcr Tuba solo Robin Hayward Verein Sonic Matter<\/p>\n<p>Eliane RadigueOccam Delta VIII f\u00fcr Fagott, Tuba, Violoncello und Harfe Dafine Vicente-Sandoval, Robin Hayward, Charles Curtis, Rhodri Davies Verein Sonic Matter<\/p>\n<p>Eliane RadigueOccam River XXI f\u00fcr Tuba und Harfe Robin Hayward, Rhodri Davies Verein Sonic Matter<\/p>\n<p>Eliane RadigueOccam Delta XVII f\u00fcr Fagott, Violoncello und Harfe Dafine Vicente-Sandoval, Charles Curtis, Rhodri Davies Verein Sonic Matter<\/p>\n<p>Eliane RadigueOccam Delta XVII f\u00fcr Fagott, Violoncello und Harfe: Occam Delta XVII Dafine Vicente-Sandoval, Charles Curtis, Rhodri Davies Verein Sonic Matter<\/p>\n","protected":false},"excerpt":{"rendered":"Le festival SONIC MATTER se d\u00e9roule chaque ann\u00e9e pendant quatre jours au cours des mois d&rsquo;hiver. Il se&hellip;\n","protected":false},"author":2,"featured_media":264810,"comment_status":"","ping_status":"","sticky":false,"template":"","format":"standard","meta":{"footnotes":"","_share_on_mastodon":"0"},"categories":[16],"tags":[172,13124,851,141,57403,23,32],"class_list":["post-264809","post","type-post","status-publish","format-standard","has-post-thumbnail","category-zurich","tag-culture","tag-espace-2","tag-media-radio","tag-musique","tag-musique-davenir","tag-suisse","tag-zurich"],"share_on_mastodon":{"url":"https:\/\/pubeurope.com\/@ch_fr\/117112638210680887","error":""},"_links":{"self":[{"href":"https:\/\/www.europesays.com\/ch-fr\/wp-json\/wp\/v2\/posts\/264809","targetHints":{"allow":["GET"]}}],"collection":[{"href":"https:\/\/www.europesays.com\/ch-fr\/wp-json\/wp\/v2\/posts"}],"about":[{"href":"https:\/\/www.europesays.com\/ch-fr\/wp-json\/wp\/v2\/types\/post"}],"author":[{"embeddable":true,"href":"https:\/\/www.europesays.com\/ch-fr\/wp-json\/wp\/v2\/users\/2"}],"replies":[{"embeddable":true,"href":"https:\/\/www.europesays.com\/ch-fr\/wp-json\/wp\/v2\/comments?post=264809"}],"version-history":[{"count":0,"href":"https:\/\/www.europesays.com\/ch-fr\/wp-json\/wp\/v2\/posts\/264809\/revisions"}],"wp:featuredmedia":[{"embeddable":true,"href":"https:\/\/www.europesays.com\/ch-fr\/wp-json\/wp\/v2\/media\/264810"}],"wp:attachment":[{"href":"https:\/\/www.europesays.com\/ch-fr\/wp-json\/wp\/v2\/media?parent=264809"}],"wp:term":[{"taxonomy":"category","embeddable":true,"href":"https:\/\/www.europesays.com\/ch-fr\/wp-json\/wp\/v2\/categories?post=264809"},{"taxonomy":"post_tag","embeddable":true,"href":"https:\/\/www.europesays.com\/ch-fr\/wp-json\/wp\/v2\/tags?post=264809"}],"curies":[{"name":"wp","href":"https:\/\/api.w.org\/{rel}","templated":true}]}}