{"id":268546,"date":"2026-08-20T08:35:10","date_gmt":"2026-08-20T08:35:10","guid":{"rendered":"https:\/\/www.europesays.com\/ch-fr\/268546\/"},"modified":"2026-08-20T08:35:10","modified_gmt":"2026-08-20T08:35:10","slug":"laeticia-hallyday-escapade-en-bateau-avec-sa-fille-jade-en-mode-pique-nique-leur-glaciere-a-pres-de-1000-euros","status":"publish","type":"post","link":"https:\/\/www.europesays.com\/ch-fr\/268546\/","title":{"rendered":"Laeticia Hallyday : escapade en bateau avec sa fille Jade en mode pique-nique, leur glaci\u00e8re \u00e0 pr\u00e8s de 1000 euros"},"content":{"rendered":"<p>          <img loading=\"lazy\" width=\"150\" height=\"150\" src=\"https:\/\/www.europesays.com\/ch-fr\/wp-content\/uploads\/2026\/08\/Laeticia-Hallyday-150x150.webp\" class=\"w-16 self-stretch object-cover shrink-0\" alt=\"Laeticia Hallyday Biographie\" decoding=\"async\"\/>        <\/p>\n<p>\n        Couverture compl\u00e8te sur<\/p>\n<p>          Laeticia Hallyday\n      <\/p>\n<p>\n        C&rsquo;est au milieu des ann\u00e9es 1990 que la France a d\u00e9couvert le visage de Laeticia Hallyday, quatri\u00e8me \u00e9pouse de Johnny Hallyday. Un mannequin qui a rapidement su s&rsquo;imposer dans le c\u0153ur du Taulier, mais aussi dans celui des Fran\u00e7ais.      <\/p>\n<p>En vacances \u00e0 Saint-Barth\u00e9lemy, <a href=\"https:\/\/www.public.fr\/tag\/laeticia-hallyday\" id=\"413\" rel=\"nofollow noopener\" target=\"_blank\">Laeticia Hallyday<\/a> profite pleinement de son s\u00e9jour en famille. La veuve de Johnny Hallyday a notamment partag\u00e9 des images d\u2019une sortie en bateau avec sa fille Jade, r\u00e9cemment \u00e2g\u00e9e de 21 ans. Au programme : d\u00e9jeuner en pleine mer, champagne et accessoires de luxe.<\/p>\n<p>Une vir\u00e9e en bateau avec Jade<\/p>\n<p>Laeticia Hallyday a retrouv\u00e9 son petit coin de paradis. Comme chaque \u00e9t\u00e9, la veuve de Johnny Hallyday profite de quelques jours \u00e0 Saint-Barth\u00e9lemy, une \u00eele particuli\u00e8rement ch\u00e8re \u00e0 la famille. Elle y passe du temps avec ses filles, <a href=\"https:\/\/www.public.fr\/laeticia-hallyday-ce-cadeau-d-anniversaire-magique-fait-a-jade-et-joy\" id=\"499941\" rel=\"nofollow noopener\" target=\"_blank\">Jade et Joy, qui ont toutes deux c\u00e9l\u00e9br\u00e9 leur anniversaire<\/a> durant cette p\u00e9riode estivale. Des moments complices que Laeticia n\u2019h\u00e9site pas \u00e0 partager avec ses abonn\u00e9s.<\/p>\n<p>Parmi les souvenirs d\u00e9voil\u00e9s sur les r\u00e9seaux sociaux, une photo attire particuli\u00e8rement l\u2019attention. On y d\u00e9couvre Laeticia Hallyday et sa fille Jade lors d\u2019une escapade en bateau, dans un d\u00e9cor paradisiaque.<\/p>\n<p>Pour cette sortie en mer, pas question pour autant de renoncer au confort. La m\u00e8re et la fille ont improvis\u00e9 un v\u00e9ritable pique-nique chic avec plusieurs mets soigneusement pr\u00e9par\u00e9s. Au menu : salades compos\u00e9es, sandwichs et champagne, de quoi profiter d\u2019un d\u00e9jeuner avec vue sur les eaux turquoise de Saint-Barth.<\/p>\n<p>Jade, qui vient de f\u00eater ses 21 ans, semble elle aussi profiter pleinement de ces vacances en famille. La jeune femme poursuit parall\u00e8lement ses \u00e9tudes en Californie, o\u00f9 elle est inscrite \u00e0 l\u2019Otis College of Art and Design.<\/p>\n<p>Une glaci\u00e8re Yves Saint Laurent qui ne passe pas inaper\u00e7ue<\/p>\n<p>Mais sur cette sortie en bateau, c\u2019est un autre d\u00e9tail qui a retenu l\u2019attention : la glaci\u00e8re utilis\u00e9e pour conserver les aliments et les boissons. L\u2019accessoire est sign\u00e9 Yves Saint Laurent, une maison de luxe dont les cr\u00e9ations accompagnent r\u00e9guli\u00e8rement les looks de Laeticia Hallyday.<\/p>\n<p>Selon les informations communiqu\u00e9es autour de cet accessoire, cette glaci\u00e8re afficherait un prix proche de 1 000 euros. Un d\u00e9tail qui donne une dimension particuli\u00e8rement luxueuse \u00e0 ce pique-nique en pleine mer.<\/p>\n<p>Une chose est certaine : m\u00eame pour un simple d\u00e9jeuner sur un bateau, Laeticia Hallyday semble avoir le go\u00fbt des belles pi\u00e8ces.<\/p>\n<p>Saint-Barth, le refuge de Laeticia Hallyday<\/p>\n<p>Saint-Barth\u00e9lemy occupe depuis longtemps une place particuli\u00e8re dans la vie de Laeticia Hallyday. L\u2019\u00eele est notamment associ\u00e9e aux souvenirs de Johnny Hallyday, qui y repose depuis sa disparition en d\u00e9cembre 2017.<\/p>\n<p>Laeticia y retourne r\u00e9guli\u00e8rement avec ses filles et y retrouve un environnement qui lui est particuli\u00e8rement familier. Au fil des ann\u00e9es, Saint-Barth est ainsi devenu l\u2019un de ses principaux refuges pour les vacances.<\/p>\n<p>Apr\u00e8s plusieurs ann\u00e9es de proc\u00e9dures, <a href=\"https:\/\/www.public.fr\/laeticia-hallyday-etranglee-par-le-fisc\" id=\"932796\" rel=\"nofollow noopener\" target=\"_blank\">elle a notamment r\u00e9gularis\u00e9 sa situation avec le fisc fran\u00e7ais<\/a>. Une page financi\u00e8re d\u00e9sormais tourn\u00e9e, tandis que Laeticia semble profiter pleinement de son \u00e9t\u00e9 \u00e0 Saint-Barth aupr\u00e8s de ses filles.<\/p>\n<p><img loading=\"lazy\" decoding=\"async\" width=\"603\" height=\"1024\" src=\"https:\/\/www.europesays.com\/ch-fr\/wp-content\/uploads\/2026\/08\/Capture-decran-2026-08-20-a-08.20.38-603x1024.png\" alt=\"Laeticia Hallyday : escapade en bateau avec sa fille Jade en mode pique-nique, leur glaci\u00e8re \u00e0 pr\u00e8s de 1000 euros\"  \/><\/p>\n<p>      Mentionn\u00e9s dans cet article<\/p>\n<p>      Sur le m\u00eame sujet<\/p>\n","protected":false},"excerpt":{"rendered":"Couverture compl\u00e8te sur Laeticia Hallyday C&rsquo;est au milieu des ann\u00e9es 1990 que la France a d\u00e9couvert le visage&hellip;\n","protected":false},"author":2,"featured_media":268547,"comment_status":"","ping_status":"","sticky":false,"template":"","format":"standard","meta":{"footnotes":"","_share_on_mastodon":"0"},"categories":[15],"tags":[158,157,113,112,3103,2560,159,23],"class_list":["post-268546","post","type-post","status-publish","format-standard","has-post-thumbnail","category-people","tag-celebrities","tag-celebrity","tag-divertissement","tag-entertainment","tag-jade-hallyday","tag-laeticia-hallyday","tag-people","tag-suisse"],"share_on_mastodon":{"url":"https:\/\/pubeurope.com\/@ch_fr\/117126924266364240","error":""},"_links":{"self":[{"href":"https:\/\/www.europesays.com\/ch-fr\/wp-json\/wp\/v2\/posts\/268546","targetHints":{"allow":["GET"]}}],"collection":[{"href":"https:\/\/www.europesays.com\/ch-fr\/wp-json\/wp\/v2\/posts"}],"about":[{"href":"https:\/\/www.europesays.com\/ch-fr\/wp-json\/wp\/v2\/types\/post"}],"author":[{"embeddable":true,"href":"https:\/\/www.europesays.com\/ch-fr\/wp-json\/wp\/v2\/users\/2"}],"replies":[{"embeddable":true,"href":"https:\/\/www.europesays.com\/ch-fr\/wp-json\/wp\/v2\/comments?post=268546"}],"version-history":[{"count":0,"href":"https:\/\/www.europesays.com\/ch-fr\/wp-json\/wp\/v2\/posts\/268546\/revisions"}],"wp:featuredmedia":[{"embeddable":true,"href":"https:\/\/www.europesays.com\/ch-fr\/wp-json\/wp\/v2\/media\/268547"}],"wp:attachment":[{"href":"https:\/\/www.europesays.com\/ch-fr\/wp-json\/wp\/v2\/media?parent=268546"}],"wp:term":[{"taxonomy":"category","embeddable":true,"href":"https:\/\/www.europesays.com\/ch-fr\/wp-json\/wp\/v2\/categories?post=268546"},{"taxonomy":"post_tag","embeddable":true,"href":"https:\/\/www.europesays.com\/ch-fr\/wp-json\/wp\/v2\/tags?post=268546"}],"curies":[{"name":"wp","href":"https:\/\/api.w.org\/{rel}","templated":true}]}}