{"id":269897,"date":"2026-08-21T05:38:15","date_gmt":"2026-08-21T05:38:15","guid":{"rendered":"https:\/\/www.europesays.com\/ch-fr\/269897\/"},"modified":"2026-08-21T05:38:15","modified_gmt":"2026-08-21T05:38:15","slug":"parkinson-sclerose-en-plaques-maladie-de-charcot-pourquoi-il-ny-a-pas-de-pandemie-malgre-la-hausse-des-cas","status":"publish","type":"post","link":"https:\/\/www.europesays.com\/ch-fr\/269897\/","title":{"rendered":"Parkinson, scl\u00e9rose en plaques, maladie de Charcot : pourquoi il n\u2019y a pas de \u00ab pand\u00e9mie \u00bb malgr\u00e9 la hausse des cas"},"content":{"rendered":"<p class=\"question\">Quelles maladies neurod\u00e9g\u00e9n\u00e9ratives avez-vous \u00e9tudi\u00e9es et \u00e0 quel point leur fr\u00e9quence augmente-t-elle\u00a0?<\/p>\n<p>Nous nous sommes int\u00e9ress\u00e9s \u00e0 trois pathologies neurod\u00e9g\u00e9n\u00e9ratives impliquant des sympt\u00f4mes moteurs\u00a0: la maladie de Parkinson, la scl\u00e9rose en plaques et la maladie de Charcot (aussi appel\u00e9e \u00ab\u00a0scl\u00e9rose lat\u00e9rale amyotrophique\u00a0\u00bb). En France, elles touchent respectivement 230\u00a0000, 130\u00a0000\u00a0et 8\u00a0000 personnes. Et leur pr\u00e9valence \u2013 le nombre total de patients vivant avec la maladie \u2013 augmente d\u2019environ 2\u00a0% par an depuis une vingtaine d\u2019ann\u00e9es.<\/p>\n<p>C\u2019est au point que beaucoup de publications scientifiques \u00e9voquent une pand\u00e9mie de maladies neurod\u00e9g\u00e9n\u00e9ratives, sous-entendant une explosion du nombre de nouveaux cas caus\u00e9e par des facteurs externes. Mais est-ce vraiment le cas\u00a0? Pour le v\u00e9rifier, nous avons exploit\u00e9 la base de donn\u00e9es de l\u2019assurance maladie fran\u00e7aise, qui couvre 99\u00a0% de la population, et son \u00e9quivalent su\u00e9dois. Nous avons ainsi eu acc\u00e8s \u00e0 toute une s\u00e9rie de donn\u00e9es\u00a0: \u00e2ge des patients, diagnostic, traitements\u2026<\/p>\n<p class=\"question\">Et qu\u2019avez-vous conclu\u00a0?<\/p>\n<p>En r\u00e9sum\u00e9, qu\u2019il n\u2019y a pas de pand\u00e9mie de maladies neurod\u00e9g\u00e9n\u00e9ratives, en tout cas pour Parkinson et la scl\u00e9rose en plaques. Pour cette derni\u00e8re pathologie, l\u2019incidence est tr\u00e8s stable, \u00e0 environ 5\u00a0000 nouveaux cas par an en France. Si le nombre total de patients augmente, c\u2019est donc parce qu\u2019ils vivent plus longtemps avec la maladie. Cela pourrait en th\u00e9orie s\u2019expliquer par un d\u00e9pistage plus pr\u00e9coce, mais l\u2019\u00e2ge du diagnostic est rest\u00e9 stable lui aussi. C\u2019est donc plus probablement une augmentation de l\u2019esp\u00e9rance de vie qui est en cause\u00a0: de fait, l\u2019arriv\u00e9e de nouveaux traitements a chang\u00e9 la donne.<\/p>\n<p>  A lire aussi :<br \/>\n  <a href=\"https:\/\/www.pourlascience.fr\/sd\/neurosciences\/sclerose-en-plaques-le-lien-avec-le-virus-epstein-barr-se-precise-28882.php\" target=\"_blank\" rel=\"nofollow noopener\">Scl\u00e9rose en plaques\u00a0: le lien avec le virus Epstein-Barr se pr\u00e9cise<\/a><\/p>\n<p>Pour la maladie de Charcot, en revanche, l\u2019esp\u00e9rance de vie n\u2019a pas augment\u00e9, il y a tr\u00e8s peu de nouveaux traitements. Nous avons observ\u00e9 une faible hausse de l\u2019incidence (de 1,8\u00a0%, pour une incidence de l\u2019ordre de 2\u00a0000 cas par an en France), imputable pour plus de la moiti\u00e9 au vieillissement de la population \u2013 c\u2019est une maladie qui survient \u00e0 un \u00e2ge avanc\u00e9. Enfin, pour Parkinson, l\u2019incidence est rest\u00e9e stable (25\u00a0000 cas par an) et retrancher la part li\u00e9e au vieillissement de la population conduit m\u00eame \u00e0 une l\u00e9g\u00e8re baisse.<\/p>\n<p>  A lire aussi :<br \/>\n  <a href=\"https:\/\/www.pourlascience.fr\/sd\/genetique\/maladie-de-charcot-la-piste-d-une-mutation-de-l-adn-mitochondrial-27798.php\" target=\"_blank\" rel=\"nofollow noopener\">Maladie de Charcot\u00a0: la piste d\u2019une mutation de l\u2019ADN mitochondrial<\/a><\/p>\n<p class=\"question\">Comment avez-vous calcul\u00e9 la part li\u00e9e au vieillissement\u00a0?<\/p>\n<p>Pour chaque tranche d\u2019\u00e2ge, nous avons pris l\u2019incidence de la maladie il y a une quinzaine d\u2019ann\u00e9es, puis nous avons consid\u00e9r\u00e9 le pourcentage d\u2019augmentation de la population dans cette tranche d\u2019\u00e2ge. Nous en avons d\u00e9duit le nombre de nouveaux patients que l\u2019on attendrait avec le vieillissement.<\/p>\n<p>  A lire aussi :<br \/>\n  <a href=\"https:\/\/www.pourlascience.fr\/sr\/entretien\/vieillissement-une-nouvelle-approche-evolutive-eclaire-les-maladies-liees-a-l-age-29438.php\" target=\"_blank\" rel=\"nofollow noopener\">Vieillissement\u00a0: une nouvelle approche \u00e9volutive \u00e9claire\u00a0les maladies li\u00e9es \u00e0 l\u2019\u00e2ge<\/a><\/p>\n<p class=\"question\">\u00c0 quoi sont dues les diff\u00e9rences entre cette valeur th\u00e9orique et les incidences mesur\u00e9es\u00a0?<\/p>\n<p>Peut-\u00eatre \u00e0 des facteurs li\u00e9s au mode de vie ou \u00e0 l\u2019environnement, comme la pollution. Mais nos conclusions restent pour l\u2019instant limit\u00e9es l\u00e0-dessus, en particulier pour la maladie de Charcot, dont les facteurs de risque sont peu connus. Afin de progresser sur ce sujet, nous cherchons \u00e0 cartographier l\u2019\u00e9volution de l\u2019incidence pour ces trois pathologies sur le territoire europ\u00e9en\u00a0: cela permettra aux chercheurs qui \u00e9tudient l\u2019exposition \u00e0 diff\u00e9rents facteurs environnementaux de croiser nos donn\u00e9es avec les leurs.<\/p>\n<p class=\"question\">Et qu\u2019en est-il de la maladie d\u2019Alzheimer\u00a0?<\/p>\n<p>Nous ne l\u2019avons pas \u00e9tudi\u00e9e, car la maladie est souvent diagnostiqu\u00e9e avec plusieurs ann\u00e9es de retard. En cons\u00e9quence, les chiffres d\u2019incidence estim\u00e9s \u00e0 partir des bases de donn\u00e9es que nous utilisons ne sont pas tr\u00e8s fiables.<\/p>\n<p>\t\t\t\t\t\t\t<img decoding=\"async\" loading=\"lazy\" src=\"https:\/\/www.europesays.com\/ch-fr\/wp-content\/uploads\/2026\/08\/1787290695_159_preview-pdf.png\" alt=\"\u00ab\u00a0Parkinson, scl\u00e9rose en plaques, Charcot\u00a0: il n\u2019y a pas de pand\u00e9mie de maladies neurod\u00e9g\u00e9n\u00e9ratives\u00a0\u00bb\" target=\"_blank\"\/><\/p>\n<p>T\u00e9l\u00e9charger la version PDF de cet article<\/p>\n<p>(r\u00e9serv\u00e9 aux abonn\u00e9s num\u00e9riques)<\/p>\n","protected":false},"excerpt":{"rendered":"Quelles maladies neurod\u00e9g\u00e9n\u00e9ratives avez-vous \u00e9tudi\u00e9es et \u00e0 quel point leur fr\u00e9quence augmente-t-elle\u00a0? Nous nous sommes int\u00e9ress\u00e9s \u00e0 trois&hellip;\n","protected":false},"author":2,"featured_media":269898,"comment_status":"","ping_status":"","sticky":false,"template":"","format":"standard","meta":{"footnotes":"","_share_on_mastodon":"0"},"categories":[9],"tags":[83,8418,14197,2364,2695,84,13742,23],"class_list":["post-269897","post","type-post","status-publish","format-standard","has-post-thumbnail","category-sante","tag-health","tag-maladie-de-charcot","tag-maladie-de-parkinson","tag-maladies-neurodegeneratives","tag-pour-la-science","tag-sante","tag-sclerose-en-plaques","tag-suisse"],"share_on_mastodon":{"url":"https:\/\/pubeurope.com\/@ch_fr\/117131890687463853","error":""},"_links":{"self":[{"href":"https:\/\/www.europesays.com\/ch-fr\/wp-json\/wp\/v2\/posts\/269897","targetHints":{"allow":["GET"]}}],"collection":[{"href":"https:\/\/www.europesays.com\/ch-fr\/wp-json\/wp\/v2\/posts"}],"about":[{"href":"https:\/\/www.europesays.com\/ch-fr\/wp-json\/wp\/v2\/types\/post"}],"author":[{"embeddable":true,"href":"https:\/\/www.europesays.com\/ch-fr\/wp-json\/wp\/v2\/users\/2"}],"replies":[{"embeddable":true,"href":"https:\/\/www.europesays.com\/ch-fr\/wp-json\/wp\/v2\/comments?post=269897"}],"version-history":[{"count":0,"href":"https:\/\/www.europesays.com\/ch-fr\/wp-json\/wp\/v2\/posts\/269897\/revisions"}],"wp:featuredmedia":[{"embeddable":true,"href":"https:\/\/www.europesays.com\/ch-fr\/wp-json\/wp\/v2\/media\/269898"}],"wp:attachment":[{"href":"https:\/\/www.europesays.com\/ch-fr\/wp-json\/wp\/v2\/media?parent=269897"}],"wp:term":[{"taxonomy":"category","embeddable":true,"href":"https:\/\/www.europesays.com\/ch-fr\/wp-json\/wp\/v2\/categories?post=269897"},{"taxonomy":"post_tag","embeddable":true,"href":"https:\/\/www.europesays.com\/ch-fr\/wp-json\/wp\/v2\/tags?post=269897"}],"curies":[{"name":"wp","href":"https:\/\/api.w.org\/{rel}","templated":true}]}}