{"id":272472,"date":"2026-08-23T04:31:10","date_gmt":"2026-08-23T04:31:10","guid":{"rendered":"https:\/\/www.europesays.com\/ch-fr\/272472\/"},"modified":"2026-08-23T04:31:10","modified_gmt":"2026-08-23T04:31:10","slug":"tarifs-le-silence-radio-surprenant-de-capitaine-canada-2","status":"publish","type":"post","link":"https:\/\/www.europesays.com\/ch-fr\/272472\/","title":{"rendered":"Tarifs: le silence radio surprenant de \u00abCapitaine Canada\u00bb"},"content":{"rendered":"<p class=\"article-bodystyled__StyledText-sc-19uhgql-0 bGeyRM body-paragraph\" id=\"content-element-QWPFXDX26FGABC5TCG6G2RXCH4\">Plusieurs premiers ministres provinciaux se sont d\u00e9j\u00e0 adress\u00e9s aux m\u00e9dias pour r\u00e9agir \u00e0 l\u2019annonce qu\u2019une entente entre Ottawa et Washington serait en voie d\u2019\u00eatre finalis\u00e9e.<\/p>\n<p class=\"article-bodystyled__StyledText-sc-19uhgql-0 bGeyRM body-paragraph\" id=\"content-element-CTDUGJQBVFBG7HCNE7E7RGXJ7E\">Or, le premier ministre Mark Carney a rencontr\u00e9 les premiers ministres provinciaux lors d\u2019une r\u00e9union d\u2019information, mercredi, durant laquelle il les aurait inform\u00e9s qu\u2019aucun accord commercial ne serait conclu avec l\u2019administration Trump si les boissons alcoolis\u00e9es am\u00e9ricaines n\u2019\u00e9taient pas de nouveau disponibles dans les succursales des SAQ, LCBO et compagnie.<\/p>\n<p class=\"article-bodystyled__StyledText-sc-19uhgql-0 bGeyRM body-paragraph\" id=\"content-element-UBGAZL3TVREPHCPLB7LKOYGXA4\">Mark Carney aurait aussi demand\u00e9 aux premiers ministres provinciaux de ne pas exclure les \u00c9tats-Unis de leurs politiques d\u2019approvisionnement, selon le premier ministre du Manitoba, Wab Kinew.<\/p>\n<p>Aucune sortie publique<\/p>\n<p class=\"article-bodystyled__StyledText-sc-19uhgql-0 bGeyRM body-paragraph\" id=\"content-element-VHBNBPMWGVDPRECILCBDXNS73I\">Mais le premier ministre de l\u2019Ontario, \u00e0 l\u2019origine de ces deux mesures visant \u00e0 riposter contre les politiques tarifaires du pr\u00e9sident Trump, n\u2019a fait aucune sortie publique depuis mardi soir.<\/p>\n<p class=\"article-bodystyled__StyledText-sc-19uhgql-0 bGeyRM body-paragraph\" id=\"content-element-XDA3L2TRKJEUHO72E5F6BS75VU\">Celui-ci ne s\u2019est pourtant pas g\u00ean\u00e9 de faire part de ses frustrations face au pr\u00e9sident am\u00e9ricain depuis qu\u2019il a lanc\u00e9 une guerre commerciale contre le Canada, en janvier 2025.<\/p>\n<p class=\"article-bodystyled__StyledText-sc-19uhgql-0 bGeyRM body-paragraph\" id=\"content-element-AANV7RLFTRBXBOE4CFFRE6NCOM\">\u00abNous ne pouvons plus nous soumettre \u00e0 Donald Trump. Je crois qu\u2019il faut rester ferme, n\u00e9gocier en \u00e9tant fort. On ne n\u00e9gocie pas en \u00e9tant faible, surtout avec Donald Trump\u00bb, a soutenu Doug Ford lorsque le pr\u00e9sident Trump a d\u00e9clar\u00e9 il y a un mois qu\u2019il imposerait des droits de douane de 50 % sur la plupart des produits canadiens.<\/p>\n<p class=\"article-bodystyled__StyledText-sc-19uhgql-0 bGeyRM body-paragraph\" id=\"content-element-6DO2GCE6ZNCQDLTI2LSTSY2QWY\">Doug Ford a r\u00e9affirm\u00e9 le mois dernier qu\u2019il ne remettrait pas l\u2019alcool am\u00e9ricain dans les rayons de la LCBO tant qu\u2019un accord n\u2019aura pas \u00e9t\u00e9 conclu avec les \u00c9tats-Unis pour mettre fin \u00e0 la guerre commerciale en cours.<\/p>\n<p class=\"article-bodystyled__StyledText-sc-19uhgql-0 bGeyRM body-paragraph\" id=\"content-element-TGV6EU27XZAEVBDKCWN35NF5LM\">Or, le premier ministre progressiste-conservateur n\u2019avait encore rien dit aux m\u00e9dias, en date de vendredi.<\/p>\n<p class=\"article-bodystyled__StyledText-sc-19uhgql-0 bGeyRM body-paragraph\" id=\"content-element-XJKQO6MADFH3HN5MGEWI7FQ4HY\">Il ne s\u2019est content\u00e9 que d\u2019une publication, pass\u00e9 23h vendredi, disant qu\u2019il \u00abappuie fermement le premier ministre [Mark Carney] pour une riposte ferme : tarif pour tarif, dollar pour dollar\u00bb.<\/p>\n<p class=\"article-bodystyled__StyledText-sc-19uhgql-0 bGeyRM body-paragraph\" id=\"content-element-ZNC4PL4RR5CBJE3KVZSWCFZBZM\">\u00abDans notre lutte pour prot\u00e9ger la souverainet\u00e9 et la s\u00e9curit\u00e9 \u00e9conomique du Canada, toutes les options doivent \u00eatre envisag\u00e9es. L\u2019Ontario est pr\u00eat \u00e0 jouer son r\u00f4le\u00bb, a-t-il ajout\u00e9 dans cette d\u00e9claration publi\u00e9e sur X.<\/p>\n<p class=\"article-bodystyled__StyledText-sc-19uhgql-0 bGeyRM body-paragraph\" id=\"content-element-IBSP5NHZRRCPTMWDZLN3SFCTLA\">Cette publication de Doug Ford fait suite \u00e0 une d\u00e9claration de Mark Carney, quelques instants plus t\u00f4t, o\u00f9 il a annonc\u00e9 qu\u2019il suspend les n\u00e9gociations commerciales avec les \u00c9tats-Unis.<\/p>\n<p>Un silence surprenant<\/p>\n<p class=\"article-bodystyled__StyledText-sc-19uhgql-0 bGeyRM body-paragraph\" id=\"content-element-YQBFT2HWCZDTRMTFJSQ6UWL5PY\">\u00abVenant de Capitaine Canada, celui qui a toujours \u00e9t\u00e9 au bat, ce silence est surprenant\u00bb, souligne la professeure \u00e0 l\u2019\u00c9cole d\u2019\u00e9tudes politiques de l\u2019Universit\u00e9 d\u2019Ottawa, Genevi\u00e8ve Tellier.<\/p>\n<p class=\"article-bodystyled__StyledText-sc-19uhgql-0 bGeyRM body-paragraph\" id=\"content-element-CDBUVWNMVNBLHIKK6V7UBKZDRA\">\u00abOn est dans la sp\u00e9culation, mais j\u2019ai l\u2019impression qu\u2019on veut que Doug Ford soit en retrait\u00bb, avance-t-elle.<\/p>\n<p class=\"article-bodystyled__StyledText-sc-19uhgql-0 bGeyRM body-paragraph\" id=\"content-element-BGTI2HP74VDALAU25YPH2YY4VI\">\u00c0 la question: \u00abC\u2019est qui, \u2018on\u2019?\u00bb, Genevi\u00e8ve Tellier r\u00e9pond que \u00abc\u2019est \u00e7a que je ne sais pas\u00bb.<\/p>\n<p class=\"article-bodystyled__StyledText-sc-19uhgql-0 bGeyRM body-paragraph\" id=\"content-element-BWKNHRADOVD6TCZOIVW4IC2HFA\">\u00abEst-ce que c\u2019est Mark Carney qui aurait dit \u00e0 Doug Ford: \u2018Sais-tu, j\u2019aimerais mieux qu\u2019on ne t\u2019entende pas pendant quelques jours\u2019? Je ne sais pas si c\u2019est le genre de chose que le premier ministre du Canada peut dire au premier ministre de l\u2019Ontario. Est-ce que c\u2019est Doug Ford qui s\u2019est dit: \u2018Je me rends compte qu\u2019il faut que je laisse le f\u00e9d\u00e9ral n\u00e9gocier\u2019?\u00bb, se demande la politologue.<\/p>\n<p class=\"article-bodystyled__StyledText-sc-19uhgql-0 bGeyRM body-paragraph\" id=\"content-element-AMUI5KATS5BXXL4GKZRM4DDTZA\">Mais elle note que \u00abDoug Ford, c\u2019est la t\u00eate de Turc des Am\u00e9ricains\u00bb.<\/p>\n<p class=\"article-bodystyled__StyledText-sc-19uhgql-0 bGeyRM body-paragraph\" id=\"content-element-T7XS4D3KGRB43BGA73BE5UFK5I\">Le premier ministre de l\u2019Ontario s\u2019est plac\u00e9 dans la mire de l\u2019administration Trump \u00e0 plusieurs reprises depuis 2025, notamment avec la publicit\u00e9 de Ronald Reagan, le vidage d\u2019une bouteille de whisky Crown Royal en pleine conf\u00e9rence de presse, d\u2019une taxe &#8211; n\u2019ayant dur\u00e9 que deux jours &#8211; sur l\u2019\u00e9lectricit\u00e9 destin\u00e9e \u00e0 trois \u00c9tats am\u00e9ricains, et la plus irritante, soit le retrait de l\u2019alcool am\u00e9ricain des tablettes de la LCBO.<\/p>\n<p class=\"article-bodystyled__StyledText-sc-19uhgql-0 bGeyRM body-paragraph\" id=\"content-element-PAMOAWIXDJFQTJL7LKP4YDYKIE\">Lors d\u2019une de ses plus r\u00e9centes sorties, <a href=\"https:\/\/www.ledroit.com\/actualites\/politique\/2026\/08\/17\/ford-veut-des-centres-de-donnees-pour-se-proteger-de-trump-7AXW2LO22NHILM76W6RL3Y5GHE\/\" target=\"_self\" rel=\"nofollow noopener\" title=\"https:\/\/www.ledroit.com\/actualites\/politique\/2026\/08\/17\/ford-veut-des-centres-de-donnees-pour-se-proteger-de-trump-7AXW2LO22NHILM76W6RL3Y5GHE\/\">Doug Ford a d\u00e9clar\u00e9 qu\u2019il faut construire des centres de donn\u00e9es en Ontario<\/a> pour ne pas que les donn\u00e9es des Canadiens \u00absoient envoy\u00e9es aux \u00c9tats-Unis et tombent entre les mains du pr\u00e9sident Trump\u00bb.<\/p>\n<p class=\"article-bodystyled__StyledText-sc-19uhgql-0 bGeyRM body-paragraph\" id=\"content-element-EAWWAIDAWFEZVBDILYFM6TEWCY\">\u00ab\u00c7a aussi, \u00e7a doit les chicoter\u00bb, remarque Genevi\u00e8ve Tellier.<\/p>\n<p>Le Canada suspend les n\u00e9gociations<\/p>\n<p class=\"article-bodystyled__StyledText-sc-19uhgql-0 bGeyRM body-paragraph\" id=\"content-element-APQELVIVDZHCPJKPU7KHNKSHFY\">Donald Trump a d\u00e9clar\u00e9 en juillet qu\u2019il imposerait un nouveau droit de douane de 50 % sur un large \u00e9ventail de produits canadiens en repr\u00e9sailles aux interdictions provinciales visant l\u2019alcool am\u00e9ricain, au syst\u00e8me canadien de gestion de l\u2019offre dans le secteur laitier et aux quotas impos\u00e9s sur certains v\u00e9hicules am\u00e9ricains.<\/p>\n<p class=\"article-bodystyled__StyledText-sc-19uhgql-0 bGeyRM body-paragraph\" id=\"content-element-GWRUC6LWIREXJHELW7WDUOYURA\">Ces droits de douane devaient entrer en vigueur mercredi, juste apr\u00e8s minuit, mais cette \u00e9ch\u00e9ance a \u00e9t\u00e9 repouss\u00e9e \u00e0 samedi 00 h 01 afin qu\u2019Ottawa et Washington puissent poursuivre leurs n\u00e9gociations commerciales.<\/p>\n<p class=\"article-bodystyled__StyledText-sc-19uhgql-0 bGeyRM body-paragraph\" id=\"content-element-57CHLYQOG5HJTAORDBAKI2TIZY\">Apr\u00e8s des semaines de n\u00e9gociations commerciales, le premier ministre Mark Carney a d\u00e9cid\u00e9 de suspendre ces travaux, disant que les progr\u00e8s \u00abvisant \u00e0 renforcer la position du Canada comme partenaire b\u00e9n\u00e9ficiant du meilleur accord au monde avec les \u00c9tats-Unis n\u2019ont \u00abpas suffi \u00e0 r\u00e9pondre aux objectifs que son gouvernement s\u2019\u00e9tait fix\u00e9.<\/p>\n<p class=\"article-bodystyled__StyledText-sc-19uhgql-0 bGeyRM body-paragraph\" id=\"content-element-AFJYHGE3FJHUDADMXYAHSYRFAM\">Dominic LeBlanc et Janice Charette ont rencontr\u00e9 \u00e0 plusieurs reprises ce mois-ci, \u00e0 Washington, le repr\u00e9sentant am\u00e9ricain Jamieson Greer afin de tenter de finaliser l\u2019accord. <\/p>\n<p class=\"article-bodystyled__StyledText-sc-19uhgql-0 bGeyRM body-paragraph\" id=\"content-element-K65DSY7MGRH5JKNC4AJYJJUSCQ\">Dominic LeBlanc a d\u00e9clar\u00e9 jeudi aux journalistes que les deux parties \u00e9taient \u00abtr\u00e8s proches\u00bb d\u2019un accord. Le contenu de cet accord n\u2019a toutefois pas \u00e9t\u00e9 rendu public.<\/p>\n<p class=\"article-bodystyled__StyledText-sc-19uhgql-0 bGeyRM body-paragraph\" id=\"content-element-NVXEJXMUV5HK3BMBL7I7HWAZMA\">L\u2019accord devait porter sur les droits de douane am\u00e9ricains sur l\u2019acier, l\u2019aluminium, le bois d\u2019\u0153uvre et les automobiles. Il devrait \u00e9galement r\u00e9pondre \u00e0 certaines pr\u00e9occupations am\u00e9ricaines concernant l\u2019acc\u00e8s limit\u00e9 au march\u00e9 laitier canadien, ainsi qu\u2019aux droits de douane de r\u00e9torsion impos\u00e9s par le Canada sur les automobiles et aux interdictions provinciales sur les importations d\u2019alcool en provenance des \u00c9tats-Unis.<\/p>\n<p class=\"article-bodystyled__StyledText-sc-19uhgql-0 bGeyRM body-paragraph\" id=\"content-element-DFZ7UWYX5BACNKQD6T262RQT2Y\">\u00abLes Canadiens attendent de nous que nous concluions un accord qui serve les int\u00e9r\u00eats \u00e9conomiques du Canada et des travailleurs canadiens\u00bb, a d\u00e9clar\u00e9 M. LeBlanc en quittant le bureau de M. Greer, jeudi.<\/p>\n<p class=\"article-bodystyled__StyledText-sc-19uhgql-0 bGeyRM body-paragraph\" id=\"content-element-W2I4JHSKARB2ZDFHFH37XK465I\">Mark Carney affirme avoir demand\u00e9 aux n\u00e9gociateurs canadiens de rentrer \u00e0 Ottawa.<\/p>\n<p class=\"article-bodystyled__StyledText-sc-19uhgql-0 bGeyRM body-paragraph\" id=\"content-element-NGBL2OFB3JE4FHHPWVLFO2CAKE\">\u00abIls ont travaill\u00e9 d\u2019arrache-pied, en toute bonne foi, pour d\u00e9fendre les int\u00e9r\u00eats des Canadiennes et des Canadiens tout au long de ces n\u00e9gociations, et ce, jusqu\u2019\u00e0 la derni\u00e8re minute. Cependant, les modifications de derni\u00e8re minute apport\u00e9es aux conditions propos\u00e9es par les \u00c9tats-Unis \u00e9taient in\u00e9quitables, non rentables et remettaient en cause la fiabilit\u00e9 de tout accord\u00bb, a soutenu le premier ministre du Canada.<\/p>\n<p class=\"article-bodystyled__StyledText-sc-19uhgql-0 bGeyRM body-paragraph\" id=\"content-element-55FNWCVGTVGEXNRVZ62KX6A6VE\">&#8211; Avec des informations de la Presse canadienne<\/p>\n","protected":false},"excerpt":{"rendered":"Plusieurs premiers ministres provinciaux se sont d\u00e9j\u00e0 adress\u00e9s aux m\u00e9dias pour r\u00e9agir \u00e0 l\u2019annonce qu\u2019une entente entre Ottawa&hellip;\n","protected":false},"author":2,"featured_media":272473,"comment_status":"","ping_status":"","sticky":false,"template":"","format":"standard","meta":{"footnotes":"","_share_on_mastodon":"0"},"categories":[6],"tags":[45,44,43,58595,23],"class_list":["post-272472","post","type-post","status-publish","format-standard","has-post-thumbnail","category-economie","tag-business","tag-economie","tag-economy","tag-lcbo","tag-suisse"],"share_on_mastodon":{"url":"https:\/\/pubeurope.com\/@ch_fr\/117142951190665867","error":""},"_links":{"self":[{"href":"https:\/\/www.europesays.com\/ch-fr\/wp-json\/wp\/v2\/posts\/272472","targetHints":{"allow":["GET"]}}],"collection":[{"href":"https:\/\/www.europesays.com\/ch-fr\/wp-json\/wp\/v2\/posts"}],"about":[{"href":"https:\/\/www.europesays.com\/ch-fr\/wp-json\/wp\/v2\/types\/post"}],"author":[{"embeddable":true,"href":"https:\/\/www.europesays.com\/ch-fr\/wp-json\/wp\/v2\/users\/2"}],"replies":[{"embeddable":true,"href":"https:\/\/www.europesays.com\/ch-fr\/wp-json\/wp\/v2\/comments?post=272472"}],"version-history":[{"count":0,"href":"https:\/\/www.europesays.com\/ch-fr\/wp-json\/wp\/v2\/posts\/272472\/revisions"}],"wp:featuredmedia":[{"embeddable":true,"href":"https:\/\/www.europesays.com\/ch-fr\/wp-json\/wp\/v2\/media\/272473"}],"wp:attachment":[{"href":"https:\/\/www.europesays.com\/ch-fr\/wp-json\/wp\/v2\/media?parent=272472"}],"wp:term":[{"taxonomy":"category","embeddable":true,"href":"https:\/\/www.europesays.com\/ch-fr\/wp-json\/wp\/v2\/categories?post=272472"},{"taxonomy":"post_tag","embeddable":true,"href":"https:\/\/www.europesays.com\/ch-fr\/wp-json\/wp\/v2\/tags?post=272472"}],"curies":[{"name":"wp","href":"https:\/\/api.w.org\/{rel}","templated":true}]}}