{"id":272686,"date":"2026-08-23T08:23:16","date_gmt":"2026-08-23T08:23:16","guid":{"rendered":"https:\/\/www.europesays.com\/ch-fr\/272686\/"},"modified":"2026-08-23T08:23:16","modified_gmt":"2026-08-23T08:23:16","slug":"lea-salame-dira-ce-quelle-a-sur-le-coeur-mais-sans-pleurnicher-comment-la-presentatrice-va-se-retirer-du-20-heures-de-france-2","status":"publish","type":"post","link":"https:\/\/www.europesays.com\/ch-fr\/272686\/","title":{"rendered":"\u00ab L\u00e9a Salam\u00e9 dira ce qu\u2019elle a sur le c\u0153ur, mais sans pleurnicher \u00bb : comment la pr\u00e9sentatrice va se retirer du 20 heures de France 2"},"content":{"rendered":"<p>La journaliste quitte le JT de France 2 le temps de la campagne de Rapha\u00ebl Glucksmann, son compagnon. Les dessous d\u2019une d\u00e9cision m\u00fbrement r\u00e9fl\u00e9chie.<\/p>\n<p>Quelques heures apr\u00e8s l\u2019interview de <a href=\"https:\/\/www.latribune.fr\/article\/la-tribune-dimanche\/politique\/21854350080798\/pour-son-premier-meeting-raphael-glucksmann-promet-une-republique-ecologique\" target=\"_self\" article-id=\"21854350080798\" rel=\"nofollow noopener\">Rapha\u00ebl Glucksmann<\/a> sur TF1, c\u2019est, selon nos informations, sur ses r\u00e9seaux sociaux que L\u00e9a Salam\u00e9 s\u2019exprimera sous la forme d\u2019un message \u00e9crit. Au menu : l\u2019annonce de son retrait du 20 h de France 2 le temps que celui qui partage sa vie depuis une dizaine d\u2019ann\u00e9es fasse campagne.<\/p>\n<p>Un plan de communication \u00e9labor\u00e9 en \u00e9troite collaboration avec son employeur France T\u00e9l\u00e9visions, avec qui elle a fait un point le 20 ao\u00fbt \u00e0 son retour d\u2019Asie, o\u00f9 elle a pass\u00e9 la fin de ses vacances. \u00ab C\u2019est normal que L\u00e9a s\u2019exprime en premier avant la cha\u00eene car c\u2019est une d\u00e9cision personnelle qui lui appartient \u00bb, glisse une source en interne.<\/p>\n<p><a target=\"_self\" href=\"https:\/\/www.latribune.fr\/article\/la-tribune-dimanche\/politique\/11642367546836\/raphael-glucksmann-copresident-de-place-publique-les-militants-socialistes-ont-choisi-la-bonne-voie\" rel=\"nofollow noopener\"><\/p>\n<p class=\"text-[12px] mb-[12px] font-bold ltd:leading-[16px]\">A LIRE AUSSI<\/p>\n<p class=\"text-[20px] ac:text-[18px] leading-[120%] ac:leading-[130%] text-lt-primary-dark ac:text-ac-primary font-slab font-bold ltd:font-semibold ltd:tracking-[-0.4px] ac:font-ac-slab ltd:font-ltd-slab\">Rapha\u00ebl Glucksmann copr\u00e9sident de Place publique : \u00ab Les militants socialistes ont choisi la bonne voie \u00bb<\/p>\n<p><\/a><\/p>\n<p>D\u00e8s le week-end dernier, elle avait \u00e0 distance inform\u00e9 <a href=\"https:\/\/www.latribune.fr\/article\/la-tribune-dimanche\/culture-lifestyle\/cinema-ecrans\/38618977301469\/stephane-sitbon-gomez-france-televisions-flavie-flament-va-co-animer-le-magazine-de-la-sante-la-saison-prochaine-sur-france-2\" target=\"_self\" article-id=\"38618977301469\" rel=\"nofollow noopener\">sa hi\u00e9rarchie<\/a> \u2013 avec laquelle elle est rest\u00e9e en contact tout l\u2019\u00e9t\u00e9 \u2013 que le tempo s\u2019acc\u00e9l\u00e9rait. Dans l\u2019entourage de la journaliste, on la d\u00e9crit comme \u00ab tr\u00e8s calme \u00bb. \u00ab Dans son message, elle dira ce qu\u2019elle a sur le c\u0153ur, mais sans pleurnicher, confie un proche. Cette situation est cadr\u00e9e et a \u00e9t\u00e9 parfaitement anticip\u00e9e depuis le d\u00e9but \u00bb.<\/p>\n<p>Le pr\u00e9c\u00e9dent des europ\u00e9ennes&#13;\n<\/p>\n<p>Flash-back. En juin 2025, trois jours apr\u00e8s l\u2019annonce de son arriv\u00e9e surprise au 20h, <a href=\"https:\/\/www.latribune.fr\/la-tribune-dimanche\/culture-et-tendances\/cinema-ecrans\/lea-salame-faire-appel-a-moi-pour-le-20-heures-est-un-choix-tres-audacieux-1027825.html\" target=\"_self\" article-id=\"30855314394795\" rel=\"nofollow noopener\">L\u00e9a Salam\u00e9 plantait le d\u00e9cor dans La Tribune Dimanche<\/a> : \u00ab Il est \u00e9vident que si Rapha\u00ebl Glucksmann venait \u00e0 \u00eatre candidat, je me mettrais en retrait. \u00bb Aujourd\u2019hui, dans son entourage, on rappelle que \u00ab c\u2019est exactement la m\u00eame situation qu\u2019en 2024 lors des \u00e9lections europ\u00e9ennes auxquelles Rapha\u00ebl Glucksmann avait particip\u00e9, ni plus ni moins \u00bb.<\/p>\n","protected":false},"excerpt":{"rendered":"La journaliste quitte le JT de France 2 le temps de la campagne de Rapha\u00ebl Glucksmann, son compagnon.&hellip;\n","protected":false},"author":2,"featured_media":272687,"comment_status":"","ping_status":"","sticky":false,"template":"","format":"standard","meta":{"footnotes":"","_share_on_mastodon":"0"},"categories":[15],"tags":[58695,449,158,157,113,112,2423,58696,159,23],"class_list":["post-272686","post","type-post","status-publish","format-standard","has-post-thumbnail","category-people","tag-lea-salame-dira-ce-quelle-a-sur-le-coeur","tag-449","tag-celebrities","tag-celebrity","tag-divertissement","tag-entertainment","tag-la-tribune-dimanche","tag-mais-sans-pleurnicher-comment-la-presentatrice-va-se-retirer-du-20-heures-de-france-2","tag-people","tag-suisse"],"share_on_mastodon":{"url":"https:\/\/pubeurope.com\/@ch_fr\/117143863764259479","error":""},"_links":{"self":[{"href":"https:\/\/www.europesays.com\/ch-fr\/wp-json\/wp\/v2\/posts\/272686","targetHints":{"allow":["GET"]}}],"collection":[{"href":"https:\/\/www.europesays.com\/ch-fr\/wp-json\/wp\/v2\/posts"}],"about":[{"href":"https:\/\/www.europesays.com\/ch-fr\/wp-json\/wp\/v2\/types\/post"}],"author":[{"embeddable":true,"href":"https:\/\/www.europesays.com\/ch-fr\/wp-json\/wp\/v2\/users\/2"}],"replies":[{"embeddable":true,"href":"https:\/\/www.europesays.com\/ch-fr\/wp-json\/wp\/v2\/comments?post=272686"}],"version-history":[{"count":0,"href":"https:\/\/www.europesays.com\/ch-fr\/wp-json\/wp\/v2\/posts\/272686\/revisions"}],"wp:featuredmedia":[{"embeddable":true,"href":"https:\/\/www.europesays.com\/ch-fr\/wp-json\/wp\/v2\/media\/272687"}],"wp:attachment":[{"href":"https:\/\/www.europesays.com\/ch-fr\/wp-json\/wp\/v2\/media?parent=272686"}],"wp:term":[{"taxonomy":"category","embeddable":true,"href":"https:\/\/www.europesays.com\/ch-fr\/wp-json\/wp\/v2\/categories?post=272686"},{"taxonomy":"post_tag","embeddable":true,"href":"https:\/\/www.europesays.com\/ch-fr\/wp-json\/wp\/v2\/tags?post=272686"}],"curies":[{"name":"wp","href":"https:\/\/api.w.org\/{rel}","templated":true}]}}