{"id":275772,"date":"2026-08-25T11:56:16","date_gmt":"2026-08-25T11:56:16","guid":{"rendered":"https:\/\/www.europesays.com\/ch-fr\/275772\/"},"modified":"2026-08-25T11:56:16","modified_gmt":"2026-08-25T11:56:16","slug":"deja-deux-embarcations-suisses-en-demi-finales","status":"publish","type":"post","link":"https:\/\/www.europesays.com\/ch-fr\/275772\/","title":{"rendered":"D\u00e9j\u00e0 deux embarcations suisses en demi-finales"},"content":{"rendered":"<p>Aviron<\/p>\n<p><img loading=\"lazy\" alt=\"D\u00e9part r\u00e9ussi pour la Suisse aux Mondiaux d\u2019Amsterdam.\" width=\"3092\" height=\"2062\" decoding=\"async\" data-nimg=\"1\" style=\"color:transparent\"   src=\"https:\/\/www.europesays.com\/ch-fr\/wp-content\/uploads\/2026\/08\/aef8e012-c472-40d0-bacd-f9aa07de13eb.jpg\"\/><\/p>\n<p class=\"text-dark-gray text-small mt-2\">D\u00e9part r\u00e9ussi pour la Suisse aux Mondiaux d\u2019Amsterdam.<\/p>\n<p class=\"text-gray text-smaller mt-1 [.ticker-entry_&amp;]:border-b [.ticker-entry_&amp;]:border-aluminum [.ticker-entry_&amp;]:pb-1\">KEYSTONE<\/p>\n<p class=\"c-stacked-spacing a-paragraph a-paragraph--lead text-h4 leading-26 md:leading-28 text-navy p-4 pb-8 md:px-0 md:pt-8\" data-t-name=\"Paragraph\">Deux des trois embarcations suisses en lice lundi lors de la premi\u00e8re journ\u00e9e des Mondiaux d&rsquo;Amsterdam se sont qualifi\u00e9es pour les demi-finales. Il s&rsquo;agit du deux de couple sans barreur Jonah Plock\/Patrick Brunner et du deux de couple Salome Ulrich\/Fabienne Schweizer.<\/p>\n<p><img alt=\"Keystone-ATS\" loading=\"lazy\" width=\"40\" height=\"40\" decoding=\"async\" data-nimg=\"1\" class=\"h-full w-full rounded-full object-cover\" style=\"color:transparent\"  src=\"https:\/\/bluewin-prod-sc-images.imgix.net\/2026\/04\/07\/587e954f-f16e-4287-aa35-2044c2550028.heif?w=96&amp;auto=format&amp;s=98034066b6bd6ea59d6a7b700c2d15ff\"\/><\/p>\n<p class=\"author-names text-navy text-small\">Keystone-ATS<\/p>\n<p><img alt=\"\" aria-hidden=\"true\" loading=\"lazy\" width=\"12\" height=\"12\" decoding=\"async\" data-nimg=\"1\" class=\"mr-1 h-3 w-3\" style=\"color:transparent\"  src=\"https:\/\/www.bluewin.ch\/_next\/static\/media\/021-clock.24ldz2iukf4_m.svg?w=32\"\/>24.08.2026, 19:54<\/p>\n<p class=\"c-paragraph text-standard wrap-break-word text-dark-gray font-thesans w-full\">Sixi\u00e8mes des r\u00e9cents Europ\u00e9ens disput\u00e9s sur le plan d&rsquo;eau de Varese, Salome Ulrich et Fabienne Schweizer ont pris la 2e place de la quatri\u00e8me et derni\u00e8re s\u00e9rie, sans forcer leur talent. Les deux femmes ont coup\u00e9 la ligne d&rsquo;arriv\u00e9e avec plus de 12\u00a0\u00bb d&rsquo;avance sur le bateau roumain, 3e, se qualifiant ainsi \u00e0 la place.<\/p>\n<p class=\"c-paragraph text-standard wrap-break-word text-dark-gray font-thesans w-full\">Jonah Plock\/Patrick Brunner ont quant \u00e0 eux termin\u00e9 3e de leur s\u00e9rie, \u00e0 plus de 3\u00a0\u00bb5 de la 2e place, mais ils ont \u00e9t\u00e9 rep\u00each\u00e9s au temps. Le deux de couple sans barreuse Sofia Meakin\/Olivia Roth devra en revanche se contenter de la finale C mercredi. La Genevoise et la Zurichoise ont fini au 6e et dernier rang de leur s\u00e9rie, manquant largement le coche.<\/p>\n","protected":false},"excerpt":{"rendered":"Aviron D\u00e9part r\u00e9ussi pour la Suisse aux Mondiaux d\u2019Amsterdam. KEYSTONE Deux des trois embarcations suisses en lice lundi&hellip;\n","protected":false},"author":2,"featured_media":275773,"comment_status":"","ping_status":"","sticky":false,"template":"","format":"standard","meta":{"footnotes":"","_share_on_mastodon":"0"},"categories":[8],"tags":[15897,75,23],"class_list":["post-275772","post","type-post","status-publish","format-standard","has-post-thumbnail","category-sports","tag-aviron","tag-sports","tag-suisse"],"share_on_mastodon":{"url":"https:\/\/pubeurope.com\/@ch_fr\/117156026536139812","error":""},"_links":{"self":[{"href":"https:\/\/www.europesays.com\/ch-fr\/wp-json\/wp\/v2\/posts\/275772","targetHints":{"allow":["GET"]}}],"collection":[{"href":"https:\/\/www.europesays.com\/ch-fr\/wp-json\/wp\/v2\/posts"}],"about":[{"href":"https:\/\/www.europesays.com\/ch-fr\/wp-json\/wp\/v2\/types\/post"}],"author":[{"embeddable":true,"href":"https:\/\/www.europesays.com\/ch-fr\/wp-json\/wp\/v2\/users\/2"}],"replies":[{"embeddable":true,"href":"https:\/\/www.europesays.com\/ch-fr\/wp-json\/wp\/v2\/comments?post=275772"}],"version-history":[{"count":0,"href":"https:\/\/www.europesays.com\/ch-fr\/wp-json\/wp\/v2\/posts\/275772\/revisions"}],"wp:featuredmedia":[{"embeddable":true,"href":"https:\/\/www.europesays.com\/ch-fr\/wp-json\/wp\/v2\/media\/275773"}],"wp:attachment":[{"href":"https:\/\/www.europesays.com\/ch-fr\/wp-json\/wp\/v2\/media?parent=275772"}],"wp:term":[{"taxonomy":"category","embeddable":true,"href":"https:\/\/www.europesays.com\/ch-fr\/wp-json\/wp\/v2\/categories?post=275772"},{"taxonomy":"post_tag","embeddable":true,"href":"https:\/\/www.europesays.com\/ch-fr\/wp-json\/wp\/v2\/tags?post=275772"}],"curies":[{"name":"wp","href":"https:\/\/api.w.org\/{rel}","templated":true}]}}