{"id":276507,"date":"2026-08-25T20:50:14","date_gmt":"2026-08-25T20:50:14","guid":{"rendered":"https:\/\/www.europesays.com\/ch-fr\/276507\/"},"modified":"2026-08-25T20:50:14","modified_gmt":"2026-08-25T20:50:14","slug":"pour-une-contraception-gratuite-le-courrier","status":"publish","type":"post","link":"https:\/\/www.europesays.com\/ch-fr\/276507\/","title":{"rendered":"Pour une contraception gratuite &#8211; Le Courrier"},"content":{"rendered":"<p>C\u2019est un ar\u00e9opage exclusivement f\u00e9minin qui a lanc\u00e9 mardi la campagne pour le oui \u00e0 l\u2019initiative socialiste \u00abPour une contraception gratuite\u00bb sur laquelle la population se prononcera le 27 septembre. Des oratrices pour une probl\u00e9matique qui concerne \u00e9galement les hommes, notamment quant \u00abaux grossesses non d\u00e9sir\u00e9es\u00bb, indiquent Jacklean Kalibala, d\u00e9put\u00e9e socialiste. Mais, soulignent les promotrices [\u2026]<\/p>\n","protected":false},"excerpt":{"rendered":"C\u2019est un ar\u00e9opage exclusivement f\u00e9minin qui a lanc\u00e9 mardi la campagne pour le oui \u00e0 l\u2019initiative socialiste \u00abPour&hellip;\n","protected":false},"author":2,"featured_media":276508,"comment_status":"","ping_status":"","sticky":false,"template":"","format":"standard","meta":{"footnotes":"","_share_on_mastodon":"0"},"categories":[4],"tags":[22,818,8192,743,21,23],"class_list":["post-276507","post","type-post","status-publish","format-standard","has-post-thumbnail","category-actualites","tag-actualites","tag-canton-de-geneve","tag-contraception","tag-initiative","tag-news","tag-suisse"],"share_on_mastodon":{"url":"https:\/\/pubeurope.com\/@ch_fr\/117158125443262777","error":""},"_links":{"self":[{"href":"https:\/\/www.europesays.com\/ch-fr\/wp-json\/wp\/v2\/posts\/276507","targetHints":{"allow":["GET"]}}],"collection":[{"href":"https:\/\/www.europesays.com\/ch-fr\/wp-json\/wp\/v2\/posts"}],"about":[{"href":"https:\/\/www.europesays.com\/ch-fr\/wp-json\/wp\/v2\/types\/post"}],"author":[{"embeddable":true,"href":"https:\/\/www.europesays.com\/ch-fr\/wp-json\/wp\/v2\/users\/2"}],"replies":[{"embeddable":true,"href":"https:\/\/www.europesays.com\/ch-fr\/wp-json\/wp\/v2\/comments?post=276507"}],"version-history":[{"count":0,"href":"https:\/\/www.europesays.com\/ch-fr\/wp-json\/wp\/v2\/posts\/276507\/revisions"}],"wp:featuredmedia":[{"embeddable":true,"href":"https:\/\/www.europesays.com\/ch-fr\/wp-json\/wp\/v2\/media\/276508"}],"wp:attachment":[{"href":"https:\/\/www.europesays.com\/ch-fr\/wp-json\/wp\/v2\/media?parent=276507"}],"wp:term":[{"taxonomy":"category","embeddable":true,"href":"https:\/\/www.europesays.com\/ch-fr\/wp-json\/wp\/v2\/categories?post=276507"},{"taxonomy":"post_tag","embeddable":true,"href":"https:\/\/www.europesays.com\/ch-fr\/wp-json\/wp\/v2\/tags?post=276507"}],"curies":[{"name":"wp","href":"https:\/\/api.w.org\/{rel}","templated":true}]}}