{"id":276557,"date":"2026-08-25T21:41:15","date_gmt":"2026-08-25T21:41:15","guid":{"rendered":"https:\/\/www.europesays.com\/ch-fr\/276557\/"},"modified":"2026-08-25T21:41:15","modified_gmt":"2026-08-25T21:41:15","slug":"le-quatre-de-couple-feminin-file-avec-brio-en-demi-finales","status":"publish","type":"post","link":"https:\/\/www.europesays.com\/ch-fr\/276557\/","title":{"rendered":"Le quatre de couple f\u00e9minin file avec brio en demi-finales"},"content":{"rendered":"<p>Mondiaux d\u2019aviron<\/p>\n<p><img loading=\"lazy\" alt=\"Le quatre de couple f\u00e9minin helv\u00e9tique s'est qualifi\u00e9 pour les demi-finales des Mondiaux.\" width=\"1900\" height=\"1069\" decoding=\"async\" data-nimg=\"1\" class=\"object-cover\" style=\"color:transparent\"   src=\"https:\/\/www.europesays.com\/ch-fr\/wp-content\/uploads\/2026\/08\/0295ecd3-e1ad-4835-853e-c9cc999de120.jpg\"\/><\/p>\n<p class=\"text-dark-gray text-small mt-2\">Le quatre de couple f\u00e9minin helv\u00e9tique s&rsquo;est qualifi\u00e9 pour les demi-finales des Mondiaux.<\/p>\n<p class=\"text-gray text-smaller mt-1 [.ticker-entry_&amp;]:border-b [.ticker-entry_&amp;]:border-aluminum [.ticker-entry_&amp;]:pb-1\">KEYSTONE<\/p>\n<p class=\"c-stacked-spacing a-paragraph a-paragraph--lead text-h4 leading-26 md:leading-28 text-navy p-4 pb-8 md:px-0 md:pt-8\" data-t-name=\"Paragraph\">Le quatre de couple f\u00e9minin helv\u00e9tique s&rsquo;est qualifi\u00e9 pour les demi-finales des Mondiaux \u00e0 Amsterdam. Lisa L\u00f6tscher, C\u00e9lia Dupr\u00e9, Flavia L\u00f6tscher et Nina Wettstein ont remport\u00e9 leur s\u00e9rie.<\/p>\n<p><img alt=\"Keystone-ATS\" loading=\"lazy\" width=\"40\" height=\"40\" decoding=\"async\" data-nimg=\"1\" class=\"h-full w-full rounded-full object-cover\" style=\"color:transparent\"  src=\"https:\/\/bluewin-prod-sc-images.imgix.net\/2026\/04\/07\/587e954f-f16e-4287-aa35-2044c2550028.heif?w=96&amp;auto=format&amp;s=98034066b6bd6ea59d6a7b700c2d15ff\"\/><\/p>\n<p class=\"author-names text-navy text-small\">Keystone-ATS<\/p>\n<p><img alt=\"\" aria-hidden=\"true\" loading=\"lazy\" width=\"12\" height=\"12\" decoding=\"async\" data-nimg=\"1\" class=\"mr-1 h-3 w-3\" style=\"color:transparent\"  src=\"https:\/\/www.bluewin.ch\/_next\/static\/media\/021-clock.24ldz2iukf4_m.svg?w=32\"\/>Aujourd&rsquo;hui \u00e0 18:57<\/p>\n<p class=\"c-paragraph text-standard wrap-break-word text-dark-gray font-thesans w-full\">Les championnes d&rsquo;Europe en titre n&rsquo;ont pas trembl\u00e9 pour s&rsquo;imposer en 6&rsquo;51\u00a0\u00bb55, juste devant les Etats-Unis en 6&rsquo;51\u00a0\u00bb60. Dans ces s\u00e9ries, seules les N\u00e9erlandaises ont \u00e9t\u00e9 plus rapides en 6&rsquo;51\u00a0\u00bb34. Dans des conditions peu \u00e9videntes, elles ont su prolonger leur s\u00e9rie de victoires en se qualifiant directement.<\/p>\n<p class=\"c-paragraph text-standard wrap-break-word text-dark-gray font-thesans w-full\">Cela s&rsquo;est moins bien pass\u00e9 pour les quatre rameurs masculins. Maurin Lange, Rapha\u00ebl Ahumada, Bojan Reuffurth et Donat Vonder M\u00fchll ont pris la 4e place de leur s\u00e9rie. Ils avaient fort \u00e0 faire avec les Britanniques et les Croates, deux \u00e9quipages extr\u00eamement solides. Les Suisses disputeront la finale C.<\/p>\n","protected":false},"excerpt":{"rendered":"Mondiaux d\u2019aviron Le quatre de couple f\u00e9minin helv\u00e9tique s&rsquo;est qualifi\u00e9 pour les demi-finales des Mondiaux. KEYSTONE Le quatre&hellip;\n","protected":false},"author":2,"featured_media":276558,"comment_status":"","ping_status":"","sticky":false,"template":"","format":"standard","meta":{"footnotes":"","_share_on_mastodon":"0"},"categories":[8],"tags":[15897,75,23],"class_list":["post-276557","post","type-post","status-publish","format-standard","has-post-thumbnail","category-sports","tag-aviron","tag-sports","tag-suisse"],"share_on_mastodon":{"url":"https:\/\/pubeurope.com\/@ch_fr\/117158326590671774","error":""},"_links":{"self":[{"href":"https:\/\/www.europesays.com\/ch-fr\/wp-json\/wp\/v2\/posts\/276557","targetHints":{"allow":["GET"]}}],"collection":[{"href":"https:\/\/www.europesays.com\/ch-fr\/wp-json\/wp\/v2\/posts"}],"about":[{"href":"https:\/\/www.europesays.com\/ch-fr\/wp-json\/wp\/v2\/types\/post"}],"author":[{"embeddable":true,"href":"https:\/\/www.europesays.com\/ch-fr\/wp-json\/wp\/v2\/users\/2"}],"replies":[{"embeddable":true,"href":"https:\/\/www.europesays.com\/ch-fr\/wp-json\/wp\/v2\/comments?post=276557"}],"version-history":[{"count":0,"href":"https:\/\/www.europesays.com\/ch-fr\/wp-json\/wp\/v2\/posts\/276557\/revisions"}],"wp:featuredmedia":[{"embeddable":true,"href":"https:\/\/www.europesays.com\/ch-fr\/wp-json\/wp\/v2\/media\/276558"}],"wp:attachment":[{"href":"https:\/\/www.europesays.com\/ch-fr\/wp-json\/wp\/v2\/media?parent=276557"}],"wp:term":[{"taxonomy":"category","embeddable":true,"href":"https:\/\/www.europesays.com\/ch-fr\/wp-json\/wp\/v2\/categories?post=276557"},{"taxonomy":"post_tag","embeddable":true,"href":"https:\/\/www.europesays.com\/ch-fr\/wp-json\/wp\/v2\/tags?post=276557"}],"curies":[{"name":"wp","href":"https:\/\/api.w.org\/{rel}","templated":true}]}}