{"id":276615,"date":"2026-08-25T22:36:18","date_gmt":"2026-08-25T22:36:18","guid":{"rendered":"https:\/\/www.europesays.com\/ch-fr\/276615\/"},"modified":"2026-08-25T22:36:18","modified_gmt":"2026-08-25T22:36:18","slug":"ecrans-et-adolescents-une-etude-revele-un-effet-inattendu-sur-leurs-capacites-cognitives","status":"publish","type":"post","link":"https:\/\/www.europesays.com\/ch-fr\/276615\/","title":{"rendered":"\u00c9crans et adolescents : une \u00e9tude r\u00e9v\u00e8le un effet inattendu sur leurs capacit\u00e9s cognitives"},"content":{"rendered":"<p class=\"mb-4 text-lg md:leading-8 break-words\">Les \u00e9crans sont r\u00e9guli\u00e8rement accus\u00e9s de nuire \u00e0 l&rsquo;attention ou aux apprentissages des enfants. Une \u00e9tude publi\u00e9e en 2026 dans la revue Pediatric Exercise Science apporte un \u00e9clairage plus nuanc\u00e9. Les chercheurs ont suivi 260 enfants finlandais pendant huit ans, jusqu&rsquo;\u00e0 l&rsquo;\u00e2ge de 15 \u00e0 17 ans, afin d&rsquo;\u00e9tudier les liens entre activit\u00e9 physique, s\u00e9dentarit\u00e9, \u00e9crans et cognition. \u00c0 trois moments de leur d\u00e9veloppement, l&rsquo;activit\u00e9 des participants a \u00e9t\u00e9 mesur\u00e9e \u00e0 l&rsquo;aide d&rsquo;un capteur et de questionnaires. \u00c0 l&rsquo;adolescence, ils ont ensuite r\u00e9alis\u00e9 des tests portant notamment sur l&rsquo;attention, la m\u00e9moire de travail, le temps de r\u00e9action et l&rsquo;apprentissage.<\/p>\n<p>Plus de temps d&rsquo;\u00e9cran associ\u00e9 \u00e0 de meilleurs r\u00e9sultats cognitifs<\/p>\n<p class=\"mb-4 text-lg md:leading-8 break-words\">De mani\u00e8re inattendue, les adolescents ayant d\u00e9clar\u00e9 le plus de temps d&rsquo;\u00e9cran cumul\u00e9 depuis l&rsquo;enfance ont obtenu de meilleurs r\u00e9sultats en m\u00e9moire de travail et en cognition globale. Certaines activit\u00e9s s\u00e9dentaires sans \u00e9cran, comme lire, \u00e9crire, dessiner, jouer d&rsquo;un instrument ou \u00e0 des jeux de soci\u00e9t\u00e9, \u00e9taient \u00e9galement li\u00e9es \u00e0 des r\u00e9ponses plus rapides lors d&rsquo;un exercice de m\u00e9moire.<\/p>\n<p class=\"mb-4 text-lg md:leading-8 break-words\">Les auteurs avancent une explication : toutes les activit\u00e9s s\u00e9dentaires ne se valent pas. Jouer \u00e0 certains jeux vid\u00e9o, utiliser un ordinateur, lire ou faire ses devoirs peut mobiliser le raisonnement, la m\u00e9moire et l&rsquo;attention. Le contexte et le contenu regard\u00e9 compteraient donc davantage que la seule dur\u00e9e pass\u00e9e assis.<\/p>\n<p>L&rsquo;\u00e9tude ne prouve&#8230;<\/p>\n<p class=\"mb-4 text-lg md:leading-8 break-words\"><a data-ylk=\"slk:Lire la suite;elm:context_link;itc:0;sec:content-canvas;\" data-yga=\"{&quot;yLinkElement&quot;:&quot;link&quot;,&quot;yLinkElementType&quot;:&quot;article_link&quot;}\" href=\"https:\/\/www.parents.fr\/actualites\/enfant\/ecrans-et-adolescents-une-etude-revele-un-effet-inattendu-sur-leurs-capacites-cognitives-1156106#at_medium=affiliate&amp;at_campaign=flux_rss&amp;at_type=Yahoo\" rel=\"noopener noreferrer nofollow\" target=\"_blank\">Lire la suite<\/a><\/p>\n","protected":false},"excerpt":{"rendered":"Les \u00e9crans sont r\u00e9guli\u00e8rement accus\u00e9s de nuire \u00e0 l&rsquo;attention ou aux apprentissages des enfants. Une \u00e9tude publi\u00e9e en&hellip;\n","protected":false},"author":2,"featured_media":276616,"comment_status":"","ping_status":"","sticky":false,"template":"","format":"standard","meta":{"footnotes":"","_share_on_mastodon":"0"},"categories":[7],"tags":[7174,59403,14237,61,57,59,58,23,60,62],"class_list":["post-276615","post","type-post","status-publish","format-standard","has-post-thumbnail","category-sciences-et-technologies","tag-activite-physique","tag-exercice-de-memoire","tag-memoire-de-travail","tag-science","tag-science-and-technology","tag-sciences","tag-sciences-et-technologies","tag-suisse","tag-technologies","tag-technology"],"share_on_mastodon":{"url":"https:\/\/pubeurope.com\/@ch_fr\/117158542301568836","error":""},"_links":{"self":[{"href":"https:\/\/www.europesays.com\/ch-fr\/wp-json\/wp\/v2\/posts\/276615","targetHints":{"allow":["GET"]}}],"collection":[{"href":"https:\/\/www.europesays.com\/ch-fr\/wp-json\/wp\/v2\/posts"}],"about":[{"href":"https:\/\/www.europesays.com\/ch-fr\/wp-json\/wp\/v2\/types\/post"}],"author":[{"embeddable":true,"href":"https:\/\/www.europesays.com\/ch-fr\/wp-json\/wp\/v2\/users\/2"}],"replies":[{"embeddable":true,"href":"https:\/\/www.europesays.com\/ch-fr\/wp-json\/wp\/v2\/comments?post=276615"}],"version-history":[{"count":0,"href":"https:\/\/www.europesays.com\/ch-fr\/wp-json\/wp\/v2\/posts\/276615\/revisions"}],"wp:featuredmedia":[{"embeddable":true,"href":"https:\/\/www.europesays.com\/ch-fr\/wp-json\/wp\/v2\/media\/276616"}],"wp:attachment":[{"href":"https:\/\/www.europesays.com\/ch-fr\/wp-json\/wp\/v2\/media?parent=276615"}],"wp:term":[{"taxonomy":"category","embeddable":true,"href":"https:\/\/www.europesays.com\/ch-fr\/wp-json\/wp\/v2\/categories?post=276615"},{"taxonomy":"post_tag","embeddable":true,"href":"https:\/\/www.europesays.com\/ch-fr\/wp-json\/wp\/v2\/tags?post=276615"}],"curies":[{"name":"wp","href":"https:\/\/api.w.org\/{rel}","templated":true}]}}