{"id":277091,"date":"2026-08-26T07:50:08","date_gmt":"2026-08-26T07:50:08","guid":{"rendered":"https:\/\/www.europesays.com\/ch-fr\/277091\/"},"modified":"2026-08-26T07:50:08","modified_gmt":"2026-08-26T07:50:08","slug":"recrutes-pour-signer-des-contrats-de-leasing-la-police-cantonale-met-en-garde","status":"publish","type":"post","link":"https:\/\/www.europesays.com\/ch-fr\/277091\/","title":{"rendered":"Recrut\u00e9s pour signer des contrats de leasing : la Police cantonale met en garde !"},"content":{"rendered":"<p>Date : 26.08.2026 08:43:00 <\/p>\n<p>La Police cantonale jurassienne met en garde la population, et plus particuli\u00e8rement les jeunes adultes, contre un ph\u00e9nom\u00e8ne r\u00e9cemment constat\u00e9 dans le canton du Jura. Des personnes sont approch\u00e9es afin de conclure, en leur nom, des contrats de leasing pour des v\u00e9hicules qui sont ensuite remis \u00e0 des tiers. Cette pratique peut entra\u00eener de lourdes cons\u00e9quences financi\u00e8res et p\u00e9nales pour les personnes concern\u00e9es.<\/p>\n<p>\u00c0 ce jour, quatre cas ont \u00e9t\u00e9 port\u00e9s \u00e0 la connaissance des autorit\u00e9s jurassiennes. Le mode op\u00e9ratoire constat\u00e9 consiste \u00e0 approcher des personnes, notamment des jeunes, et \u00e0 leur proposer une r\u00e9mun\u00e9ration de quelques centaines de francs par mois en \u00e9change de la conclusion, en leur propre nom, d&rsquo;un contrat de leasing pour un v\u00e9hicule. Une fois le contrat conclu et le v\u00e9hicule obtenu, celui-ci est remis \u00e0 des tiers et peut rapidement quitter la Suisse. Les v\u00e9hicules peuvent ensuite \u00eatre utilis\u00e9s dans le cadre d&rsquo;activit\u00e9s criminelles, \u00eatre saisis par les autorit\u00e9s ou simplement dispara\u00eetre.<\/p>\n<p>Des cons\u00e9quences importantes pour le titulaire du leasing<\/p>\n<p>La personne qui a sign\u00e9 reste officiellement li\u00e9e au v\u00e9hicule et au contrat de leasing. Elle s&rsquo;expose ainsi \u00e0 des cons\u00e9quences qui peuvent \u00eatre particuli\u00e8rement lourdes\u00a0: amendes li\u00e9es \u00e0 l&rsquo;utilisation du v\u00e9hicule, pr\u00e9tentions financi\u00e8res de la soci\u00e9t\u00e9 de leasing voire plainte p\u00e9nale dans les cas les plus graves.<\/p>\n<p>La Police cantonale jurassienne rappelle qu\u2019il ne faut jamais conclure un contrat de leasing en son nom pour remettre ensuite le v\u00e9hicule \u00e0 une autre personne. Une vigilance particuli\u00e8re est recommand\u00e9e lorsqu&rsquo;une personne propose de l&rsquo;argent pour \u00ab pr\u00eater son nom \u00bb, signer des documents ou acqu\u00e9rir un v\u00e9hicule destin\u00e9 en r\u00e9alit\u00e9 \u00e0 quelqu&rsquo;un d&rsquo;autre.<\/p>\n<p>La Police cantonale jurassienne poursuit ses investigations concernant les cas actuellement connus.<\/p>\n<p>\u00a0<\/p>\n<p>\t<a href=\"https:\/\/www.jura.ch\/fr\/Autorites\/Administration\/DSJP\/POC\/Medias\/Communiques-de-presse-de-la-Police.html\" class=\"btn\" rel=\"nofollow noopener\" target=\"_blank\">\u00ab\u00a0\u00a0Retour<\/a>\t<\/p>\n","protected":false},"excerpt":{"rendered":"Date : 26.08.2026 08:43:00 La Police cantonale jurassienne met en garde la population, et plus particuli\u00e8rement les jeunes&hellip;\n","protected":false},"author":2,"featured_media":277092,"comment_status":"","ping_status":"","sticky":false,"template":"","format":"standard","meta":{"footnotes":"","_share_on_mastodon":"0"},"categories":[3],"tags":[3779,3798,3780,3792,3778,3788,3797,121,3775,3794,119,3784,3787,122,3785,3795,118,3781,120,3786,3793,3789,3782,3776,3777,3783,23,3796,3791,3790],"class_list":["post-277091","post","type-post","status-publish","format-standard","has-post-thumbnail","category-suisse","tag-3779","tag-23-giugno","tag-23-juin","tag-23rd-of-june","tag-administration","tag-administrazion","tag-adminitrazione","tag-ajoie","tag-canton","tag-cantone","tag-delemont","tag-delsberg","tag-doubs","tag-franches-montagnes","tag-freiberge","tag-giura","tag-jura","tag-kanton","tag-porrentruy","tag-pruntrut","tag-repubblica-e-canton-giura","tag-republic","tag-republik-und-kanton-jura","tag-republique-et-canton","tag-saint-ursanne","tag-schweiz","tag-suisse","tag-svizzera","tag-switzerland","tag-website"],"share_on_mastodon":{"url":"https:\/\/pubeurope.com\/@ch_fr\/117160720755432884","error":""},"_links":{"self":[{"href":"https:\/\/www.europesays.com\/ch-fr\/wp-json\/wp\/v2\/posts\/277091","targetHints":{"allow":["GET"]}}],"collection":[{"href":"https:\/\/www.europesays.com\/ch-fr\/wp-json\/wp\/v2\/posts"}],"about":[{"href":"https:\/\/www.europesays.com\/ch-fr\/wp-json\/wp\/v2\/types\/post"}],"author":[{"embeddable":true,"href":"https:\/\/www.europesays.com\/ch-fr\/wp-json\/wp\/v2\/users\/2"}],"replies":[{"embeddable":true,"href":"https:\/\/www.europesays.com\/ch-fr\/wp-json\/wp\/v2\/comments?post=277091"}],"version-history":[{"count":0,"href":"https:\/\/www.europesays.com\/ch-fr\/wp-json\/wp\/v2\/posts\/277091\/revisions"}],"wp:featuredmedia":[{"embeddable":true,"href":"https:\/\/www.europesays.com\/ch-fr\/wp-json\/wp\/v2\/media\/277092"}],"wp:attachment":[{"href":"https:\/\/www.europesays.com\/ch-fr\/wp-json\/wp\/v2\/media?parent=277091"}],"wp:term":[{"taxonomy":"category","embeddable":true,"href":"https:\/\/www.europesays.com\/ch-fr\/wp-json\/wp\/v2\/categories?post=277091"},{"taxonomy":"post_tag","embeddable":true,"href":"https:\/\/www.europesays.com\/ch-fr\/wp-json\/wp\/v2\/tags?post=277091"}],"curies":[{"name":"wp","href":"https:\/\/api.w.org\/{rel}","templated":true}]}}