{"id":277243,"date":"2026-08-26T09:56:11","date_gmt":"2026-08-26T09:56:11","guid":{"rendered":"https:\/\/www.europesays.com\/ch-fr\/277243\/"},"modified":"2026-08-26T09:56:11","modified_gmt":"2026-08-26T09:56:11","slug":"raiffeisen-supprime-jusqua-180-postes-pour-economiser-60-millions","status":"publish","type":"post","link":"https:\/\/www.europesays.com\/ch-fr\/277243\/","title":{"rendered":"Raiffeisen supprime jusqu&rsquo;\u00e0 180 postes pour \u00e9conomiser 60 millions"},"content":{"rendered":"<p>Raiffeisen va supprimer jusqu&rsquo;\u00e0 180 postes dans le cadre d&rsquo;une vaste restructuration interne. La banque entend ainsi \u00e9conomiser environ 60 millions de francs en 2027.<\/p>\n<p>La banque Raiffeisen a annonc\u00e9 vouloir \u00e9conomiser environ 60 millions de francs en frais de personnel et mat\u00e9riel l&rsquo;ann\u00e9e prochaine, afin de \u00ab\u00a0maintenir durablement le rapport co\u00fbts\/revenus \u00e0 un bon niveau\u00a0\u00bb.<\/p>\n<p>Ces mesures affecteront jusqu&rsquo;\u00e0 180 postes sur les 10&rsquo;972 \u00e9quivalents plein-temps que compte le groupe, qui emploie environ 13&rsquo;000 personnes au total. Interrog\u00e9 par l&rsquo;agence AWP, un porte-parole n&rsquo;a pas souhait\u00e9 d\u00e9tailler les r\u00e9gions ou fonctions qui seront affect\u00e9es par ces coupes. Les discussions avec les repr\u00e9sentants du personnel viennent de d\u00e9buter, a-t-il indiqu\u00e9.<\/p>\n<p>\u00ab\u00a0Plus de la moiti\u00e9 de cette r\u00e9duction peut \u00eatre obtenue gr\u00e2ce aux fluctuations naturelles, \u00e0 la suppression de postes non pourvus, \u00e0 la diminution du recours \u00e0 du personnel externe et \u00e0 des d\u00e9parts en retraite anticip\u00e9e\u00a0\u00bb, a assur\u00e9 Raiffeisen dans son communiqu\u00e9 mercredi.<\/p>\n<p>Restructuration interne<\/p>\n<p>Parall\u00e8lement, Raiffeisen r\u00e9organise sa structure interne. L&rsquo;\u00e9tablissement st-gallois va se concentrer \u00e0 partir d&rsquo;octobre autour des divisions &lsquo;Client\u00e8le priv\u00e9e&rsquo;, &lsquo;Client\u00e8le entreprises &amp; N\u00e9goce&rsquo;, &lsquo;Produits &amp; Solutions&rsquo;, &lsquo;Finances &amp; Assistance aux Banques&rsquo;, &lsquo;IT&rsquo; et &lsquo;Risk &amp; Compliance&rsquo;, a-t-il annonc\u00e9.<\/p>\n<p>Avec ces changements, le groupe \u00ab\u00a0est parfaitement positionn\u00e9 pour exploiter les opportunit\u00e9s de mani\u00e8re cibl\u00e9e, favoriser la croissance et l&rsquo;innovation et continuer de soutenir au mieux les banques Raiffeisen ainsi que la client\u00e8le\u00a0\u00bb, a indiqu\u00e9 le directeur g\u00e9n\u00e9ral Gabriel Brenna, cit\u00e9 dans le communiqu\u00e9.<\/p>\n<p class=\"sources\">ats\/iar<\/p>\n","protected":false},"excerpt":{"rendered":"Raiffeisen va supprimer jusqu&rsquo;\u00e0 180 postes dans le cadre d&rsquo;une vaste restructuration interne. La banque entend ainsi \u00e9conomiser&hellip;\n","protected":false},"author":2,"featured_media":277244,"comment_status":"","ping_status":"","sticky":false,"template":"","format":"standard","meta":{"footnotes":"","_share_on_mastodon":"0"},"categories":[6],"tags":[3773,45,44,344,43,967,7221,1285,6385,1286,46174,512,23],"class_list":["post-277243","post","type-post","status-publish","format-standard","has-post-thumbnail","category-economie","tag-banque","tag-business","tag-economie","tag-economie-et-finances","tag-economy","tag-finance","tag-financial-service","tag-microeconomie","tag-raiffeisen-suisse","tag-ressources-humaines","tag-service-financier","tag-social","tag-suisse"],"share_on_mastodon":{"url":"https:\/\/pubeurope.com\/@ch_fr\/117161216224100942","error":""},"_links":{"self":[{"href":"https:\/\/www.europesays.com\/ch-fr\/wp-json\/wp\/v2\/posts\/277243","targetHints":{"allow":["GET"]}}],"collection":[{"href":"https:\/\/www.europesays.com\/ch-fr\/wp-json\/wp\/v2\/posts"}],"about":[{"href":"https:\/\/www.europesays.com\/ch-fr\/wp-json\/wp\/v2\/types\/post"}],"author":[{"embeddable":true,"href":"https:\/\/www.europesays.com\/ch-fr\/wp-json\/wp\/v2\/users\/2"}],"replies":[{"embeddable":true,"href":"https:\/\/www.europesays.com\/ch-fr\/wp-json\/wp\/v2\/comments?post=277243"}],"version-history":[{"count":0,"href":"https:\/\/www.europesays.com\/ch-fr\/wp-json\/wp\/v2\/posts\/277243\/revisions"}],"wp:featuredmedia":[{"embeddable":true,"href":"https:\/\/www.europesays.com\/ch-fr\/wp-json\/wp\/v2\/media\/277244"}],"wp:attachment":[{"href":"https:\/\/www.europesays.com\/ch-fr\/wp-json\/wp\/v2\/media?parent=277243"}],"wp:term":[{"taxonomy":"category","embeddable":true,"href":"https:\/\/www.europesays.com\/ch-fr\/wp-json\/wp\/v2\/categories?post=277243"},{"taxonomy":"post_tag","embeddable":true,"href":"https:\/\/www.europesays.com\/ch-fr\/wp-json\/wp\/v2\/tags?post=277243"}],"curies":[{"name":"wp","href":"https:\/\/api.w.org\/{rel}","templated":true}]}}