{"id":278375,"date":"2026-08-27T01:29:13","date_gmt":"2026-08-27T01:29:13","guid":{"rendered":"https:\/\/www.europesays.com\/ch-fr\/278375\/"},"modified":"2026-08-27T01:29:13","modified_gmt":"2026-08-27T01:29:13","slug":"salome-ulrich-et-fabienne-schweizer-en-finale-a","status":"publish","type":"post","link":"https:\/\/www.europesays.com\/ch-fr\/278375\/","title":{"rendered":"Salome Ulrich et Fabienne Schweizer en finale A"},"content":{"rendered":"<p>Mondiaux d&rsquo;aviron<\/p>\n<p><img loading=\"lazy\" alt=\"Fabienne Schweizer et Salome Ulrich vont jouer les m\u00e9dailles \u00e0 Amsterdam.\" width=\"1900\" height=\"1267\" decoding=\"async\" data-nimg=\"1\" class=\"object-cover\" style=\"color:transparent\"   src=\"https:\/\/www.europesays.com\/ch-fr\/wp-content\/uploads\/2026\/08\/a6bdd24a-b5d3-41fe-87b8-b8216d5a25b5.jpg\"\/><\/p>\n<p class=\"text-dark-gray text-small mt-2\">Fabienne Schweizer et Salome Ulrich vont jouer les m\u00e9dailles \u00e0 Amsterdam.<\/p>\n<p class=\"text-gray text-smaller mt-1 [.ticker-entry_&amp;]:border-b [.ticker-entry_&amp;]:border-aluminum [.ticker-entry_&amp;]:pb-1\">KEYSTONE<\/p>\n<p class=\"c-stacked-spacing a-paragraph a-paragraph--lead text-h4 leading-26 md:leading-28 text-navy p-4 pb-8 md:px-0 md:pt-8\" data-t-name=\"Paragraph\">Salome Ulrich et Fabienne Schweizer se sont qualifi\u00e9es pour la finale A des Mondiaux \u00e0 Amsterdam. Les deux rameuses du Seeclub Lucerne lutteront donc vendredi pour les m\u00e9dailles en deux de couple.<\/p>\n<p><img alt=\"Keystone-ATS\" loading=\"lazy\" width=\"40\" height=\"40\" decoding=\"async\" data-nimg=\"1\" class=\"h-full w-full rounded-full object-cover\" style=\"color:transparent\"  src=\"https:\/\/bluewin-prod-sc-images.imgix.net\/2026\/04\/07\/587e954f-f16e-4287-aa35-2044c2550028.heif?w=96&amp;auto=format&amp;s=98034066b6bd6ea59d6a7b700c2d15ff\"\/><\/p>\n<p class=\"author-names text-navy text-small\">Keystone-ATS<\/p>\n<p><img alt=\"\" aria-hidden=\"true\" loading=\"lazy\" width=\"12\" height=\"12\" decoding=\"async\" data-nimg=\"1\" class=\"mr-1 h-3 w-3\" style=\"color:transparent\"  src=\"https:\/\/www.bluewin.ch\/_next\/static\/media\/021-clock.24ldz2iukf4_m.svg?w=32\"\/>26.08.2026, 22:15<\/p>\n<p class=\"c-paragraph text-standard wrap-break-word text-dark-gray font-thesans w-full\">Elles ont gagn\u00e9 leur demi-finale malgr\u00e9 une solide concurrence, devan\u00e7ant notamment les championnes du monde n\u00e9erlandaises Roos de Jong et Benthe Boonstra.<\/p>\n<p class=\"c-paragraph text-standard wrap-break-word text-dark-gray font-thesans w-full\">Par ailleurs, les deux espoirs du skiff suisse ont obtenu leur qualification pour les quarts de finale. Il s&rsquo;agit d&rsquo;Aurelia-Maxima Janzen, cinqui\u00e8me chrono des s\u00e9ries, et de Kai Sch\u00e4tzle, qui a gagn\u00e9 sa s\u00e9rie de mani\u00e8re souveraine.<\/p>\n","protected":false},"excerpt":{"rendered":"Mondiaux d&rsquo;aviron Fabienne Schweizer et Salome Ulrich vont jouer les m\u00e9dailles \u00e0 Amsterdam. KEYSTONE Salome Ulrich et Fabienne&hellip;\n","protected":false},"author":2,"featured_media":278376,"comment_status":"","ping_status":"","sticky":false,"template":"","format":"standard","meta":{"footnotes":"","_share_on_mastodon":"0"},"categories":[8],"tags":[15897,75,23],"class_list":["post-278375","post","type-post","status-publish","format-standard","has-post-thumbnail","category-sports","tag-aviron","tag-sports","tag-suisse"],"share_on_mastodon":{"url":"https:\/\/pubeurope.com\/@ch_fr\/117164885220236146","error":""},"_links":{"self":[{"href":"https:\/\/www.europesays.com\/ch-fr\/wp-json\/wp\/v2\/posts\/278375","targetHints":{"allow":["GET"]}}],"collection":[{"href":"https:\/\/www.europesays.com\/ch-fr\/wp-json\/wp\/v2\/posts"}],"about":[{"href":"https:\/\/www.europesays.com\/ch-fr\/wp-json\/wp\/v2\/types\/post"}],"author":[{"embeddable":true,"href":"https:\/\/www.europesays.com\/ch-fr\/wp-json\/wp\/v2\/users\/2"}],"replies":[{"embeddable":true,"href":"https:\/\/www.europesays.com\/ch-fr\/wp-json\/wp\/v2\/comments?post=278375"}],"version-history":[{"count":0,"href":"https:\/\/www.europesays.com\/ch-fr\/wp-json\/wp\/v2\/posts\/278375\/revisions"}],"wp:featuredmedia":[{"embeddable":true,"href":"https:\/\/www.europesays.com\/ch-fr\/wp-json\/wp\/v2\/media\/278376"}],"wp:attachment":[{"href":"https:\/\/www.europesays.com\/ch-fr\/wp-json\/wp\/v2\/media?parent=278375"}],"wp:term":[{"taxonomy":"category","embeddable":true,"href":"https:\/\/www.europesays.com\/ch-fr\/wp-json\/wp\/v2\/categories?post=278375"},{"taxonomy":"post_tag","embeddable":true,"href":"https:\/\/www.europesays.com\/ch-fr\/wp-json\/wp\/v2\/tags?post=278375"}],"curies":[{"name":"wp","href":"https:\/\/api.w.org\/{rel}","templated":true}]}}