{"id":278423,"date":"2026-08-27T02:44:14","date_gmt":"2026-08-27T02:44:14","guid":{"rendered":"https:\/\/www.europesays.com\/ch-fr\/278423\/"},"modified":"2026-08-27T02:44:14","modified_gmt":"2026-08-27T02:44:14","slug":"dilution-dun-atout-fabuleux-trahison-la-lex-on-fache-les-milieux-industriels-vaudois","status":"publish","type":"post","link":"https:\/\/www.europesays.com\/ch-fr\/278423\/","title":{"rendered":"Dilution d\u2019un atout \u00abfabuleux\u00bb, \u00abtrahison\u00bb\u2026 La \u00abLex On\u00bb f\u00e2che les milieux industriels vaudois"},"content":{"rendered":"<p>    R\u00e9sum\u00e9 en 20 secondes<\/p>\n<p>        En savoir plus sur ce type de contenu<\/p>\n<p>Ce r\u00e9sum\u00e9 peut avoir \u00e9t\u00e9 \u00e9crit avec l&rsquo;assistance d\u2019une IA g\u00e9n\u00e9rative. <a href=\"https:\/\/www.letemps.ch\/cyber\/l-usage-de-l-ia-generative-par-les-journalistes-du-temps\" rel=\"nofollow noopener\" target=\"_blank\">En savoir plus<\/a><\/p>\n<p class=\"article__abstract-call-to-action\" data-ariato=\"TrackableElement\" data-trackable-element-type=\"article_abstract_cta\" data-trackable-element-location=\"article_header\" data-trackable-element-id=\"540835\">\n        <a data-event=\"click-&gt;clicked\" href=\"https:\/\/www.letemps.ch\/abonnements\" rel=\"nofollow noopener\" target=\"_blank\">Abonnez-vous<\/a> pour acc\u00e9der au r\u00e9sum\u00e9 en 20 secondes.\n      <\/p>\n<p>La \u00abLex On\u00bb f\u00e2che les Vaudois. Le canton fait partie des grandes places de l\u2019industrie suisse, avec pr\u00e8s de 43\u00a0000 emplois (presque 10% du total) et les 4\/5es des exportations cantonales. Et l\u2019am\u00e9nagement de la loi sur le Swissness, introduit en mars dernier pour permettre au groupe zurichois On d\u2019apposer la croix blanche sur ses baskets fabriqu\u00e9es en Asie, est vu comme une atteinte directe \u00e0 l\u2019ensemble de l\u2019\u00e9cosyst\u00e8me local.<\/p>\n<p>Le sujet a \u00e9t\u00e9 au c\u0153ur d\u2019une rencontre avec la ministre de l\u2019Economie, Isabelle Moret, accompagn\u00e9e de deux repr\u00e9sentants de l\u2019\u00e9conomie mardi \u00e0 Lausanne. L\u2019agenda politique n\u2019est pas \u00e9tranger \u00e0 la d\u00e9cision de la conseill\u00e8re d\u2019Etat de sortir du bois: deux motions ont \u00e9t\u00e9 d\u00e9pos\u00e9es \u00e0 Berne, par la PLR b\u00e2loise Daniela Schneeberger et le centriste tessinois Fabio Regazzi, sur lesquelles les conseillers f\u00e9d\u00e9raux doivent prendre position ces jours.<\/p>\n","protected":false},"excerpt":{"rendered":"R\u00e9sum\u00e9 en 20 secondes En savoir plus sur ce type de contenu Ce r\u00e9sum\u00e9 peut avoir \u00e9t\u00e9 \u00e9crit&hellip;\n","protected":false},"author":2,"featured_media":278424,"comment_status":"","ping_status":"","sticky":false,"template":"","format":"standard","meta":{"footnotes":"","_share_on_mastodon":"0"},"categories":[6],"tags":[45,44,2748,1226,43,21961,2606,174,23],"class_list":["post-278423","post","type-post","status-publish","format-standard","has-post-thumbnail","category-economie","tag-business","tag-economie","tag-economie-romande","tag-economie-suisse","tag-economy","tag-isabelle-moret","tag-pme","tag-premium","tag-suisse"],"share_on_mastodon":{"url":"https:\/\/pubeurope.com\/@ch_fr\/117165179814571386","error":""},"_links":{"self":[{"href":"https:\/\/www.europesays.com\/ch-fr\/wp-json\/wp\/v2\/posts\/278423","targetHints":{"allow":["GET"]}}],"collection":[{"href":"https:\/\/www.europesays.com\/ch-fr\/wp-json\/wp\/v2\/posts"}],"about":[{"href":"https:\/\/www.europesays.com\/ch-fr\/wp-json\/wp\/v2\/types\/post"}],"author":[{"embeddable":true,"href":"https:\/\/www.europesays.com\/ch-fr\/wp-json\/wp\/v2\/users\/2"}],"replies":[{"embeddable":true,"href":"https:\/\/www.europesays.com\/ch-fr\/wp-json\/wp\/v2\/comments?post=278423"}],"version-history":[{"count":0,"href":"https:\/\/www.europesays.com\/ch-fr\/wp-json\/wp\/v2\/posts\/278423\/revisions"}],"wp:featuredmedia":[{"embeddable":true,"href":"https:\/\/www.europesays.com\/ch-fr\/wp-json\/wp\/v2\/media\/278424"}],"wp:attachment":[{"href":"https:\/\/www.europesays.com\/ch-fr\/wp-json\/wp\/v2\/media?parent=278423"}],"wp:term":[{"taxonomy":"category","embeddable":true,"href":"https:\/\/www.europesays.com\/ch-fr\/wp-json\/wp\/v2\/categories?post=278423"},{"taxonomy":"post_tag","embeddable":true,"href":"https:\/\/www.europesays.com\/ch-fr\/wp-json\/wp\/v2\/tags?post=278423"}],"curies":[{"name":"wp","href":"https:\/\/api.w.org\/{rel}","templated":true}]}}