{"id":278880,"date":"2026-08-27T09:58:18","date_gmt":"2026-08-27T09:58:18","guid":{"rendered":"https:\/\/www.europesays.com\/ch-fr\/278880\/"},"modified":"2026-08-27T09:58:18","modified_gmt":"2026-08-27T09:58:18","slug":"luminar-mise-a-jour-automne-2026-nouveautes-prix-et-precommande","status":"publish","type":"post","link":"https:\/\/www.europesays.com\/ch-fr\/278880\/","title":{"rendered":"Luminar mise \u00e0 jour automne 2026 : nouveaut\u00e9s, prix et pr\u00e9commande"},"content":{"rendered":"<p>Skylum a d\u00e9taill\u00e9 le contenu de la\u00a0mise \u00e0 jour d\u2019automne 2026\u00a0de Luminar : un \u00e9diteur accessible depuis un navigateur, un outil d\u2019atmosph\u00e8re revu, un recadrage assist\u00e9 par IA et un assistant plus complet. En parall\u00e8le, l\u2019\u00e9diteur revoit toute sa grille tarifaire et lance\u00a0Prime, un abonnement annuel qui remplace les\u00a0pass\u00a0saisonniers. Une p\u00e9riode de pr\u00e9commande, permettant de b\u00e9n\u00e9ficier de tarifs pr\u00e9f\u00e9rentiels, se termine le\u00a031 ao\u00fbt.<\/p>\n<p><img decoding=\"async\" width=\"1400\" height=\"875\" loading=\"lazy\" src=\"https:\/\/www.europesays.com\/ch-fr\/wp-content\/uploads\/2026\/08\/luminar_sky-ai-1-1400x875.jpg\" alt=\"\" class=\"wp-image-281328\"  \/><img loading=\"lazy\" decoding=\"async\" width=\"1400\" height=\"875\" src=\"https:\/\/www.europesays.com\/ch-fr\/wp-content\/uploads\/2026\/08\/luminar_sky-ai-1-1400x875.jpg\" alt=\"\" class=\"wp-image-281328\"  \/><\/p>\n<p class=\"has-text-align-center has-background\" style=\"background-color:#ffffcd\">\ud83d\udd25\ud83d\udd25\ud83d\udd25 Bon plan Phototrend : utilisez le code <a href=\"https:\/\/skylum.evyy.net\/c\/145298\/3334835\/3255\" rel=\"nofollow noopener\" target=\"_blank\">PHOTOTREND20<\/a> pour 20 % de remise suppl\u00e9mentaire, cumulable avec les offres Skylum en cours.<\/p>\n<p>Trois semaines apr\u00e8s avoir\u00a0<a href=\"https:\/\/phototrend.fr\/2026\/08\/luminar-1-28-maj-skylum\/\" rel=\"nofollow noopener\" target=\"_blank\">abandonn\u00e9 le suffixe \u00ab Neo \u00bb et revu son interface<\/a>, Skylum pr\u00e9cise ce que contiendra la seconde partie de sa mise \u00e0 jour 2026. L\u2019\u00e9diteur a d\u00e9coup\u00e9 sa livraison en deux temps : la version 1.28 sortie le 5 ao\u00fbt, gratuite pour tous les utilisateurs, puis une mise \u00e0 jour de fonctionnalit\u00e9s attendue \u00e0 l\u2019automne, dont une partie sera payante.<\/p>\n<p>Un \u00e9diteur Luminar dans le navigateur web<\/p>\n<p>La nouveaut\u00e9 la plus importante de cette mise \u00e0 jour d\u2019automne est l\u2019arriv\u00e9e de\u00a0Luminar sur le web. Skylum compl\u00e8te ainsi son triptyque\u00a0ordinateur, mobile et navigateur, et se rapproche du fonctionnement du Creative Cloud d\u2019Adobe, qui propose d\u00e9j\u00e0 un Lightroom et un Photoshop accessibles depuis un navigateur.<\/p>\n<p><img decoding=\"async\" width=\"1400\" height=\"875\" loading=\"lazy\" src=\"https:\/\/www.europesays.com\/ch-fr\/wp-content\/uploads\/2026\/08\/luminar_gen-erase-1400x875.jpg\" alt=\"\" class=\"wp-image-281334\"  \/><img loading=\"lazy\" decoding=\"async\" width=\"1400\" height=\"875\" src=\"https:\/\/www.europesays.com\/ch-fr\/wp-content\/uploads\/2026\/08\/luminar_gen-erase-1400x875.jpg\" alt=\"\" class=\"wp-image-281334\"  \/><\/p>\n<p>L\u2019\u00e9diteur ne communique pour l\u2019instant ni sur les fonctions qui seront r\u00e9ellement disponibles dans cette version web, ni sur le stockage associ\u00e9, ni sur les pr\u00e9requis en mati\u00e8re de connexion. Autant d\u2019\u00e9l\u00e9ments qui d\u00e9termineront pourtant si l\u2019outil sert de v\u00e9ritable poste de travail d\u2019appoint ou de simple outil de retouche de d\u00e9pannage.<\/p>\n<p>Atmosph\u00e8re 2.0, recadrage assist\u00e9 et Am\u00e9lioration AI revue<\/p>\n<p>Skylum met en avant trois fonctions parmi celles r\u00e9serv\u00e9es \u00e0 la mise \u00e0 jour payante.<\/p>\n<p>Atmosph\u00e8re AI 2.0\u00a0ajoute un effet de brouillard qui r\u00e9agit \u00e0 la lumi\u00e8re de la sc\u00e8ne et r\u00e9cup\u00e8re les couleurs de l\u2019image, au lieu de se superposer comme un voile uniforme. Dans\u00a0<a href=\"https:\/\/phototrend.fr\/2026\/07\/test-luminar-neo\/\" rel=\"nofollow noopener\" target=\"_blank\">notre test<\/a>, l\u2019outil Atmosphere AI actuel produisait d\u00e9j\u00e0 un r\u00e9sultat cr\u00e9dible gr\u00e2ce \u00e0 sa cartographie de profondeur, mais souffrait d\u2019une traduction fran\u00e7aise confuse entre ses diff\u00e9rents types de brume. Cette mise \u00e0 jour devrait le rendre bien plus r\u00e9aliste.<\/p>\n<p><a href=\"https:\/\/www.europesays.com\/ch-fr\/wp-content\/uploads\/2026\/08\/luminar_atmosphere-ai-1-scaled.jpg\"><img decoding=\"async\" width=\"2560\" height=\"1600\" loading=\"lazy\" src=\"https:\/\/www.europesays.com\/ch-fr\/wp-content\/uploads\/2026\/08\/luminar_atmosphere-ai-1-scaled.jpg\" alt=\"\" class=\"wp-image-281331\"  \/><img loading=\"lazy\" decoding=\"async\" width=\"2560\" height=\"1600\" src=\"https:\/\/www.europesays.com\/ch-fr\/wp-content\/uploads\/2026\/08\/luminar_atmosphere-ai-1-scaled.jpg\" alt=\"\" class=\"wp-image-281331\"  \/><\/a>Atmosph\u00e8re AI 2.0<\/p>\n<p>Recadrage 2.0 (Crop 2.0)\u00a0propose des variations de composition g\u00e9n\u00e9r\u00e9es \u00e0 partir de l\u2019analyse de l\u2019image, le photographe gardant la main sur le choix final. C\u2019est une r\u00e9ponse directe \u00e0 l\u2019une des faiblesses relev\u00e9es lors de notre test : l\u2019actuel outil Composition AI livrait des propositions parfois bancales, au point de para\u00eetre gadget pour un utilisateur averti.<\/p>\n<p>Am\u00e9lioration AI\u00a0est revue pour analyser la sc\u00e8ne avant d\u2019intervenir, prot\u00e9ger les hautes lumi\u00e8res et s\u2019adapter \u00e0 la palette de couleurs existante. L\u2019objectif affich\u00e9 est d\u2019\u00e9viter le rendu sur-trait\u00e9, reproche classique adress\u00e9 aux outils de retouche en un clic.<\/p>\n<p>S\u2019y ajoutent un\u00a0Assistant IA 2.0, sans d\u00e9tail communiqu\u00e9 \u00e0 ce stade, ainsi que des am\u00e9liorations sur le masquage, les pr\u00e9r\u00e9glages, l\u2019export avec filigranes et cadres, et une fonction d\u2019impression. Skylum indique que ces quatre derniers points seront ouverts \u00e0 l\u2019ensemble des utilisateurs, sans surco\u00fbt.<\/p>\n<p><a href=\"https:\/\/www.europesays.com\/ch-fr\/wp-content\/uploads\/2026\/08\/luminar_structure-scaled.jpg\"><img decoding=\"async\" width=\"2560\" height=\"1600\" loading=\"lazy\" src=\"https:\/\/www.europesays.com\/ch-fr\/wp-content\/uploads\/2026\/08\/luminar_structure-scaled.jpg\" alt=\"\" class=\"wp-image-281332\"  \/><img loading=\"lazy\" decoding=\"async\" width=\"2560\" height=\"1600\" src=\"https:\/\/www.europesays.com\/ch-fr\/wp-content\/uploads\/2026\/08\/luminar_structure-scaled.jpg\" alt=\"\" class=\"wp-image-281332\"  \/><\/a><\/p>\n<p>Aucune date pr\u00e9cise n\u2019est avanc\u00e9e pour cette mise \u00e0 jour d\u2019automne, Skylum se contentant d\u2019\u00e9voquer \u00ab l\u2019automne 2026 \u00bb.<\/p>\n<p>Prime : l\u2019abonnement qui remplace les\u00a0pass\u00a0saisonniers<\/p>\n<p>Mais au-del\u00e0 de ces nouvelles fonctionnalit\u00e9s, un autre changement arrive. Skylum remplace ses\u00a0pass\u00a0saisonniers, achet\u00e9s au coup par coup \u00e0 chaque mise \u00e0 jour, par\u00a0Luminar Prime, un abonnement annuel \u00e0 69 \u20ac. Il donne acc\u00e8s \u00e0 toutes les mises \u00e0 jour publi\u00e9es pendant la dur\u00e9e de l\u2019abonnement, \u00e0 la biblioth\u00e8que cr\u00e9ative et \u00e0 Luminar sur le web.<\/p>\n<p>L\u2019\u00e9diteur insiste sur un point :\u00a0les fonctions d\u00e9bloqu\u00e9es pendant l\u2019abonnement restent acquises d\u00e9finitivement, m\u00eame apr\u00e8s r\u00e9siliation. Ce n\u2019est en revanche pas le cas de la biblioth\u00e8que cr\u00e9ative, qui dispara\u00eet \u00e0 l\u2019expiration de l\u2019abonnement. Le X Membership, qui donnait acc\u00e8s \u00e0 cette biblioth\u00e8que de pr\u00e9r\u00e9glages, LUT et incrustations, est supprim\u00e9 et fondu dans Prime.<\/p>\n<p><a href=\"https:\/\/www.europesays.com\/ch-fr\/wp-content\/uploads\/2026\/08\/luminar_sky-ai-scaled.jpg\"><img decoding=\"async\" width=\"2560\" height=\"1600\" loading=\"lazy\" src=\"https:\/\/www.europesays.com\/ch-fr\/wp-content\/uploads\/2026\/08\/luminar_sky-ai-scaled.jpg\" alt=\"\" class=\"wp-image-281333\"  \/><img loading=\"lazy\" decoding=\"async\" width=\"2560\" height=\"1600\" src=\"https:\/\/www.europesays.com\/ch-fr\/wp-content\/uploads\/2026\/08\/luminar_sky-ai-scaled.jpg\" alt=\"\" class=\"wp-image-281333\"  \/><\/a><\/p>\n<p>Skylum indique que les possesseurs de\u00a0licence \u00e0 vie\u00a0continueront de recevoir les\u00a0mises \u00e0 jour de compatibilit\u00e9, les gains de performance et la prise en charge des nouveaux bo\u00eetiers, mais que\u00a0certaines nouvelles fonctions IA seront r\u00e9serv\u00e9es \u00e0 Prime.<\/p>\n<p>La promesse d\u2019une licence perp\u00e9tuelle est donc maintenue sur le socle du logiciel, pas sur son \u00e9volution fonctionnelle. C\u2019est la formalisation d\u2019une tendance que nous relevions d\u00e9j\u00e0 dans notre test, o\u00f9\u00a0le syst\u00e8me de\u00a0pass\u00a0ressemblait \u00e0 un abonnement qui ne disait pas son nom. Il en dit d\u00e9sormais le nom.<\/p>\n<p>Voir aussi<\/p>\n<p><a href=\"https:\/\/phototrend.fr\/2026\/08\/luminar-1-28-maj-skylum\/\" class=\"mask-img\" title=\"Luminar 1.28 Header C\" rel=\"nofollow noopener\" target=\"_blank\"><img decoding=\"async\" width=\"100\" height=\"100\" src=\"https:\/\/www.europesays.com\/ch-fr\/wp-content\/uploads\/2026\/08\/luminar-1.28-header-c-100x100.jpg\" class=\"attachment-thumbnail size-thumbnail zeen-lazy-load-base zeen-lazy-load  wp-post-image\" alt=\"\"   loading=\"lazy\"\/><img decoding=\"async\" width=\"100\" height=\"100\" src=\"https:\/\/www.europesays.com\/ch-fr\/wp-content\/uploads\/2026\/08\/luminar-1.28-header-c-100x100.jpg\" class=\"attachment-thumbnail size-thumbnail zeen-lazy-load-base zeen-lazy-load  wp-post-image\" alt=\"\"   loading=\"lazy\"\/><\/a><\/p>\n<p>\u00c0 noter que les d\u00e9tenteurs d\u2019un abonnement Luminar Neo ne sont pas \u00e9ligibles \u00e0 Prime, r\u00e9serv\u00e9 aux propri\u00e9taires d\u2019une licence perp\u00e9tuelle. Ceux qui avaient achet\u00e9 le Season Pass 2026 devront souscrire \u00e0 Prime pour la suite pour continuer de b\u00e9n\u00e9ficier des m\u00eames options.<\/p>\n<p><a href=\"https:\/\/www.europesays.com\/ch-fr\/wp-content\/uploads\/2026\/08\/luminar_bokeh-ai.png-scaled.jpg\"><img decoding=\"async\" width=\"2560\" height=\"1600\" loading=\"lazy\" src=\"https:\/\/www.europesays.com\/ch-fr\/wp-content\/uploads\/2026\/08\/luminar_bokeh-ai.png-scaled.jpg\" alt=\"\" class=\"wp-image-281335\"  \/><img loading=\"lazy\" decoding=\"async\" width=\"2560\" height=\"1600\" src=\"https:\/\/www.europesays.com\/ch-fr\/wp-content\/uploads\/2026\/08\/luminar_bokeh-ai.png-scaled.jpg\" alt=\"\" class=\"wp-image-281335\"  \/><\/a><\/p>\n<p>Trois formules pour les nouveaux acheteurs<\/p>\n<p>Jusqu\u2019au\u00a031 ao\u00fbt, les trois formules et l\u2019abonnement Prime sont propos\u00e9s avec <a href=\"https:\/\/skylum.evyy.net\/c\/145298\/2866455\/3255?sharedid=Jul26\" rel=\"nofollow noopener\" target=\"_blank\">des remises pouvant atteindre 50 %<\/a> par rapport au prix de base. Tout achat entre le 31 juillet et le 31 ao\u00fbt 2026 incluera la mise \u00e0 jour d\u2019automne. Skylum pr\u00e9cise que ceux qui souscrivent \u00e0 Prime pendant cette p\u00e9riode b\u00e9n\u00e9ficieront \u00e9galement de 20 % de remise sur leur deuxi\u00e8me ann\u00e9e.<\/p>\n<p>Skylum structure toujours son offre autour de trois formules, en licence perp\u00e9tuelle ;<\/p>\n<p>Desktop Only\u00a0\u00e0 <a href=\"https:\/\/skylum.evyy.net\/c\/145298\/2866455\/3255?sharedid=Jul26\" rel=\"nofollow noopener\" target=\"_blank\">129 \u20ac<\/a> : la version pour ordinateur seule, avec la mise \u00e0 jour d\u2019automne 2026 et un an d\u2019acc\u00e8s aux fonctions IA (outils g\u00e9n\u00e9ratifs, restauration, Assistant IA 2.0, Spaces).<\/p>\n<p>All Platforms\u00a0\u00e0 <a href=\"https:\/\/skylum.evyy.net\/c\/145298\/2866455\/3255?sharedid=Jul26\" rel=\"nofollow noopener\" target=\"_blank\">159 \u20ac<\/a> (au lieu de 259 \u20ac) : ajoute les applications mobile et web, avec un acc\u00e8s \u00e0 vie \u00e0 Luminar sur le web lors de son lancement.<\/p>\n<p>Max\u00a0\u00e0 <a href=\"https:\/\/skylum.evyy.net\/c\/145298\/2866455\/3255?sharedid=Jul26\" rel=\"nofollow noopener\" target=\"_blank\">199 \u20ac<\/a> (au lieu de 399 \u20ac) : ajoute un an de Prime, la biblioth\u00e8que de plus de 3 500 ressources cr\u00e9atives, plus de 50 heures de formations et l\u2019acc\u00e8s illimit\u00e9 aux fonctions g\u00e9n\u00e9ratives pendant un an.<\/p>\n<p class=\"has-text-align-center has-background\" style=\"background-color:#ffffcd\">\ud83d\udd25\ud83d\udd25\ud83d\udd25 Bon plan Phototrend : utilisez le code <a href=\"https:\/\/skylum.evyy.net\/c\/145298\/3334835\/3255\" rel=\"nofollow noopener\" target=\"_blank\">PHOTOTREND20<\/a> pour 20 % de remise suppl\u00e9mentaire, cumulable avec les offres Skylum en cours.<\/p>\n<p>Cette grille reprend les tarifs d\u00e9j\u00e0 pratiqu\u00e9s sur les anciennes formules, avec l\u2019ajout de l\u2019acc\u00e8s au web dans la formule interm\u00e9diaire.<\/p>\n<p>Luminar est disponible en\u00a0logiciel autonome\u00a0ou comme\u00a0plugin\u00a0pour\u00a0Lightroom Classic, Photoshop\u00a0et l\u2019appli\u00a0Photos\u00a0de macOS.<\/p>\n","protected":false},"excerpt":{"rendered":"Skylum a d\u00e9taill\u00e9 le contenu de la\u00a0mise \u00e0 jour d\u2019automne 2026\u00a0de Luminar : un \u00e9diteur accessible depuis un&hellip;\n","protected":false},"author":2,"featured_media":278881,"comment_status":"","ping_status":"","sticky":false,"template":"","format":"standard","meta":{"footnotes":"","_share_on_mastodon":"0"},"categories":[14],"tags":[376,155,156,113,112,27573,59852,59853,59854,23],"class_list":["post-278880","post","type-post","status-publish","format-standard","has-post-thumbnail","category-arts-et-design","tag-actualite","tag-arts-and-design","tag-arts-et-design","tag-divertissement","tag-entertainment","tag-logiciel-de-retouche","tag-logiciel-photo","tag-luminar","tag-skylum","tag-suisse"],"share_on_mastodon":{"url":"https:\/\/pubeurope.com\/@ch_fr\/117166887695718479","error":""},"_links":{"self":[{"href":"https:\/\/www.europesays.com\/ch-fr\/wp-json\/wp\/v2\/posts\/278880","targetHints":{"allow":["GET"]}}],"collection":[{"href":"https:\/\/www.europesays.com\/ch-fr\/wp-json\/wp\/v2\/posts"}],"about":[{"href":"https:\/\/www.europesays.com\/ch-fr\/wp-json\/wp\/v2\/types\/post"}],"author":[{"embeddable":true,"href":"https:\/\/www.europesays.com\/ch-fr\/wp-json\/wp\/v2\/users\/2"}],"replies":[{"embeddable":true,"href":"https:\/\/www.europesays.com\/ch-fr\/wp-json\/wp\/v2\/comments?post=278880"}],"version-history":[{"count":0,"href":"https:\/\/www.europesays.com\/ch-fr\/wp-json\/wp\/v2\/posts\/278880\/revisions"}],"wp:featuredmedia":[{"embeddable":true,"href":"https:\/\/www.europesays.com\/ch-fr\/wp-json\/wp\/v2\/media\/278881"}],"wp:attachment":[{"href":"https:\/\/www.europesays.com\/ch-fr\/wp-json\/wp\/v2\/media?parent=278880"}],"wp:term":[{"taxonomy":"category","embeddable":true,"href":"https:\/\/www.europesays.com\/ch-fr\/wp-json\/wp\/v2\/categories?post=278880"},{"taxonomy":"post_tag","embeddable":true,"href":"https:\/\/www.europesays.com\/ch-fr\/wp-json\/wp\/v2\/tags?post=278880"}],"curies":[{"name":"wp","href":"https:\/\/api.w.org\/{rel}","templated":true}]}}