{"id":278970,"date":"2026-08-27T10:56:33","date_gmt":"2026-08-27T10:56:33","guid":{"rendered":"https:\/\/www.europesays.com\/ch-fr\/278970\/"},"modified":"2026-08-27T10:56:33","modified_gmt":"2026-08-27T10:56:33","slug":"24-heures-apres-le-retrait-de-lea-salame-du-20-heures-france-2-annonce-deja-son-retour-en-prime-time","status":"publish","type":"post","link":"https:\/\/www.europesays.com\/ch-fr\/278970\/","title":{"rendered":"24 heures apr\u00e8s le retrait de L\u00e9a Salam\u00e9 du \u00ab\u00a020 Heures\u00a0\u00bb, France 2 annonce d\u00e9j\u00e0 son retour en prime-time"},"content":{"rendered":"<p class=\"mb-4 text-lg md:leading-8 break-words\">La journaliste sera aux commandes, avec Hugo Cl\u00e9ment, d&rsquo;une soir\u00e9e d&rsquo;information et de pr\u00e9vention consacr\u00e9e aux incendies qui ont ravag\u00e9 la France cet \u00e9t\u00e9.<\/p>\n<p class=\"mb-4 text-lg md:leading-8 break-words\">\u00ab\u00a0Je me mets en retrait de la pr\u00e9sentation du journal de 20h, le temps de la candidature de mon compagnon, comme je l&rsquo;avais fait lors des deux derni\u00e8res \u00e9lections europ\u00e9ennes. Le 20h est un carrefour strat\u00e9gique o\u00f9 les interviews des candidats et les reportages sur la campagne seront autant de temps forts de l&rsquo;ann\u00e9e \u00e0 venir. Partout o\u00f9 se tiendra la campagne, je m&rsquo;efface\u00a0\u00bb. Le 24 ao\u00fbt, quelques minutes apr\u00e8s l&rsquo;officialisation par Rapha\u00ebl Glucksmann sur TF1 de sa candidature \u00e0 l&rsquo;\u00e9lection pr\u00e9sidentielle de 2027, <a data-ylk=\"slk:L\u00e9a Salam\u00e9 annon\u00e7ait son retrait du journal de France 2;elm:context_link;itc:0;sec:content-canvas;\" data-yga=\"{&quot;yLinkElement&quot;:&quot;link&quot;,&quot;yLinkElementType&quot;:&quot;article_link&quot;}\" href=\"https:\/\/www.ozap.com\/actu\/cette-decision-est-evidente-et-difficile-lea-salame-se-retire-du-20-heures-de-france-2\/656584\" rel=\"noopener noreferrer nofollow\" target=\"_blank\">L\u00e9a Salam\u00e9 annon\u00e7ait son retrait du journal de France 2<\/a>, une saison apr\u00e8s son arriv\u00e9e. <a data-ylk=\"slk:C&#039;est Jean-Baptiste Marteau;elm:context_link;itc:0;sec:content-canvas;\" data-yga=\"{&quot;yLinkElement&quot;:&quot;link&quot;,&quot;yLinkElementType&quot;:&quot;article_link&quot;}\" href=\"https:\/\/www.ozap.com\/actu\/la-cest-un-peu-dur-tetanise-jean-baptiste-marteau-fond-en-larmes-dans-fort-boyard\/656396\" rel=\"noopener noreferrer nofollow\" target=\"_blank\">C&rsquo;est Jean-Baptiste Marteau<\/a>, son joker, qui assurera l&rsquo;int\u00e9rim jusqu&rsquo;au retour de la journaliste \u00e0 ce poste, \u00e0 une date pour le moment inconnue.<\/p>\n<p class=\"mb-4 text-lg md:leading-8 break-words\">L\u00e9a Salam\u00e9 aux commandes d&rsquo;une soir\u00e9e \u00e9v\u00e8nement sur France 2<\/p>\n<p class=\"mb-4 text-lg md:leading-8 break-words\">Mais si L\u00e9a Salam\u00e9 quitte (temporairement) le 20 Heures de France 2, elle reste bien sur la cha\u00eene. Ainsi, France T\u00e9l\u00e9visions annonce que la journaliste sera, le mardi 15 septembre \u00e0 21h10, aux manettes d&rsquo;une soir\u00e9e sp\u00e9ciale diffus\u00e9e en direct et co-anim\u00e9e avec son comparse de<a data-ylk=\"slk:&quot;Quelle \u00e9poque !&quot; Hugo Cl\u00e9ment;elm:context_link;itc:0;sec:content-canvas;\" data-yga=\"{&quot;yLinkElement&quot;:&quot;link&quot;,&quot;yLinkElementType&quot;:&quot;article_link&quot;}\" href=\"https:\/\/www.ozap.com\/actu\/ca-ne-fonctionne-pas-comme-ca-hugo-clement-co-producteur-de-quelle-epoque-se-defend-de-toute-auto-embauche-apres-son-arrivee-dans-le-talk-show-de-france-2\/652398\" rel=\"noopener noreferrer nofollow\" target=\"_blank\"> \u00ab\u00a0Quelle \u00e9poque !\u00a0\u00bb Hugo Cl\u00e9ment<\/a>. Baptis\u00e9e \u00ab\u00a0Sauvons nos for\u00eats\u00a0\u00bb, cette \u00e9mission sera consacr\u00e9e au danger des incendies qui ont ravag\u00e9 la Gironde, les Landes ou encore le sud-est de la France cet \u00e9t\u00e9, et contre lesquels il faudra mieux se prot\u00e9ger \u00e0 l&rsquo;avenir. \u00ab\u00a0Cette soir\u00e9e sp\u00e9ciale, structur\u00e9e autour de reportages et en association avec des experts et des scientifiques, fera le constat exhaustif des d\u00e9g\u00e2ts et rendra hommage aux pompiers, b\u00e9n\u00e9voles, agriculteurs&#8230; et donnera la parole aux victimes et journalistes pr\u00e9sents sur place.\u00a0 Elle reviendra \u00e9galement sur les manques de moyens rencontr\u00e9s et interrogera les axes d&rsquo;anticipation et les solutions pour l&rsquo;avenir\u00a0\u00bb, d\u00e9taille France T\u00e9l\u00e9visions dans un communiqu\u00e9.<\/p>\n<p class=\"mb-4 text-lg md:leading-8 break-words\">Organis\u00e9e en partenariat avec France Inter et en association avec TV5 Monde, l&rsquo;\u00e9mission permettra \u00ab\u00a0\u00e0 chacun\u00a0d&rsquo;agir et d&rsquo;\u00eatre une &lsquo;sentinelle de la nature'\u00a0\u00bb, appuie France T\u00e9l\u00e9visions.\u00a0En amont et en accompagnement de cette op\u00e9ration sp\u00e9ciale, nos antennes, nos r\u00e9dactions, nos programmes, sur tous nos territoires, ainsi que nos plateformes, nos r\u00e9seaux sociaux restent mobilis\u00e9s pour accompagner les Fran\u00e7ais touch\u00e9s par ces m\u00e9gafeux et cette s\u00e9cheresse in\u00e9dites, en restant au plus pr\u00e8s de cette actualit\u00e9 et en multipliant les offres \u00e9ditoriales et conversationnelles avec les publics de toutes g\u00e9n\u00e9rations autour des probl\u00e9matiques environnementales et des changements climatiques\u00a0\u00bb. \u00c0 noter qu&rsquo;\u00e0 la suite de cette soir\u00e9e exceptionnelle, France 2 proposera un \u00e9pisode du \u00ab\u00a0Monde de Jamy\u00a0\u00bb, \u00ab\u00a0Feux extr\u00eames en France, Sommes-nous pr\u00eats ?\u00a0\u00bb, diffus\u00e9 sur France 5 en juin 2026.<\/p>\n<p class=\"mb-4 text-lg md:leading-8 break-words\"><a data-ylk=\"slk:Article original sur Purem\u00e9dias;elm:context_link;itc:0;sec:content-canvas;\" data-yga=\"{&quot;yLinkElement&quot;:&quot;link&quot;,&quot;yLinkElementType&quot;:&quot;article_link&quot;}\" href=\"https:\/\/www.ozap.com\/actu\/24-heures-apres-le-retrait-de-lea-salame-du-20-heures-france-2-annonce-deja-son-retour-en-prime-time\/656633\" rel=\"noopener noreferrer nofollow\" target=\"_blank\">Article original sur Purem\u00e9dias<\/a><\/p>\n","protected":false},"excerpt":{"rendered":"La journaliste sera aux commandes, avec Hugo Cl\u00e9ment, d&rsquo;une soir\u00e9e d&rsquo;information et de pr\u00e9vention consacr\u00e9e aux incendies qui&hellip;\n","protected":false},"author":2,"featured_media":278971,"comment_status":"","ping_status":"","sticky":false,"template":"","format":"standard","meta":{"footnotes":"","_share_on_mastodon":"0"},"categories":[10],"tags":[113,112,758,814,8497,1325,59865,23],"class_list":["post-278970","post","type-post","status-publish","format-standard","has-post-thumbnail","category-divertissement","tag-divertissement","tag-entertainment","tag-france-2","tag-france-televisions","tag-hugo-clement","tag-lea-salame","tag-sud-est-de-la-france","tag-suisse"],"share_on_mastodon":{"url":"https:\/\/pubeurope.com\/@ch_fr\/117167114600492354","error":""},"_links":{"self":[{"href":"https:\/\/www.europesays.com\/ch-fr\/wp-json\/wp\/v2\/posts\/278970","targetHints":{"allow":["GET"]}}],"collection":[{"href":"https:\/\/www.europesays.com\/ch-fr\/wp-json\/wp\/v2\/posts"}],"about":[{"href":"https:\/\/www.europesays.com\/ch-fr\/wp-json\/wp\/v2\/types\/post"}],"author":[{"embeddable":true,"href":"https:\/\/www.europesays.com\/ch-fr\/wp-json\/wp\/v2\/users\/2"}],"replies":[{"embeddable":true,"href":"https:\/\/www.europesays.com\/ch-fr\/wp-json\/wp\/v2\/comments?post=278970"}],"version-history":[{"count":0,"href":"https:\/\/www.europesays.com\/ch-fr\/wp-json\/wp\/v2\/posts\/278970\/revisions"}],"wp:featuredmedia":[{"embeddable":true,"href":"https:\/\/www.europesays.com\/ch-fr\/wp-json\/wp\/v2\/media\/278971"}],"wp:attachment":[{"href":"https:\/\/www.europesays.com\/ch-fr\/wp-json\/wp\/v2\/media?parent=278970"}],"wp:term":[{"taxonomy":"category","embeddable":true,"href":"https:\/\/www.europesays.com\/ch-fr\/wp-json\/wp\/v2\/categories?post=278970"},{"taxonomy":"post_tag","embeddable":true,"href":"https:\/\/www.europesays.com\/ch-fr\/wp-json\/wp\/v2\/tags?post=278970"}],"curies":[{"name":"wp","href":"https:\/\/api.w.org\/{rel}","templated":true}]}}