{"id":279002,"date":"2026-08-27T11:18:31","date_gmt":"2026-08-27T11:18:31","guid":{"rendered":"https:\/\/www.europesays.com\/ch-fr\/279002\/"},"modified":"2026-08-27T11:18:31","modified_gmt":"2026-08-27T11:18:31","slug":"pierre-mirabaud-juge-au-tpf-pour-une-affaire-de-corruption-au-koweit","status":"publish","type":"post","link":"https:\/\/www.europesays.com\/ch-fr\/279002\/","title":{"rendered":"Pierre Mirabaud jug\u00e9 au TPF pour une affaire de corruption au Kowe\u00eft"},"content":{"rendered":"\n<p>Pierre Mirabaud, ancien pr\u00e9sident de l&rsquo;Association suisse des banquiers, r\u00e9pond de corruption et blanchiment aggrav\u00e9 devant la justice f\u00e9d\u00e9rale.Le banquier genevois de 77 ans est soup\u00e7onn\u00e9 d&rsquo;avoir vers\u00e9 82 millions de francs \u00e0 un fonctionnaire kowe\u00eftien pour attirer 600 millions de dollars dans ses fonds.Le proc\u00e8s s&rsquo;ouvre au Tribunal p\u00e9nal f\u00e9d\u00e9ral de Bellinzone le 8 septembre, avec une possible peine de 24 mois avec sursis requise par le MPC.Le jugement pourrait \u00eatre prononc\u00e9 le jour m\u00eame, car Pierre Mirabaud a reconnu les faits et a collabor\u00e9 \u00e0 l&rsquo;enqu\u00eate.<\/p>\n<p>Ce r\u00e9sum\u00e9 a-t-il \u00e9t\u00e9 utile ?<\/p>\n<p>    \u2139\ufe0f R\u00e9sum\u00e9 propos\u00e9 par l&rsquo;IA et valid\u00e9 par nos journalistes. <a class=\"article-summary-info__link\" href=\"https:\/\/www.rts.ch\/entreprise\/2025\/article\/charte-sur-l-utilisation-de-l-ia-a-la-rts-29020587.html\" rel=\"nofollow noopener\" target=\"_blank\">En savoir plus<\/a>  <\/p>\n<p> Masquer  <\/p>\n","protected":false},"excerpt":{"rendered":"Pierre Mirabaud, ancien pr\u00e9sident de l&rsquo;Association suisse des banquiers, r\u00e9pond de corruption et blanchiment aggrav\u00e9 devant la justice&hellip;\n","protected":false},"author":2,"featured_media":279003,"comment_status":"","ping_status":"","sticky":false,"template":"","format":"standard","meta":{"footnotes":"","_share_on_mastodon":"0"},"categories":[6],"tags":[27591,3773,5521,45,1150,503,504,44,344,43,7221,741,6297,39,28704,19997,92,23,513,514,12406],"class_list":["post-279002","post","type-post","status-publish","format-standard","has-post-thumbnail","category-economie","tag-accusation-q1252773839","tag-banque","tag-blanchiment-dargent","tag-business","tag-corruption","tag-criminalite","tag-droit-et-justice","tag-economie","tag-economie-et-finances","tag-economy","tag-financial-service","tag-gouvernement","tag-juge","tag-justice","tag-koweit","tag-place-financiere","tag-politique","tag-suisse","tag-systeme-judiciaire","tag-tribunal","tag-tribunal-penal-federal"],"share_on_mastodon":{"url":"https:\/\/pubeurope.com\/@ch_fr\/117167200876634852","error":""},"_links":{"self":[{"href":"https:\/\/www.europesays.com\/ch-fr\/wp-json\/wp\/v2\/posts\/279002","targetHints":{"allow":["GET"]}}],"collection":[{"href":"https:\/\/www.europesays.com\/ch-fr\/wp-json\/wp\/v2\/posts"}],"about":[{"href":"https:\/\/www.europesays.com\/ch-fr\/wp-json\/wp\/v2\/types\/post"}],"author":[{"embeddable":true,"href":"https:\/\/www.europesays.com\/ch-fr\/wp-json\/wp\/v2\/users\/2"}],"replies":[{"embeddable":true,"href":"https:\/\/www.europesays.com\/ch-fr\/wp-json\/wp\/v2\/comments?post=279002"}],"version-history":[{"count":0,"href":"https:\/\/www.europesays.com\/ch-fr\/wp-json\/wp\/v2\/posts\/279002\/revisions"}],"wp:featuredmedia":[{"embeddable":true,"href":"https:\/\/www.europesays.com\/ch-fr\/wp-json\/wp\/v2\/media\/279003"}],"wp:attachment":[{"href":"https:\/\/www.europesays.com\/ch-fr\/wp-json\/wp\/v2\/media?parent=279002"}],"wp:term":[{"taxonomy":"category","embeddable":true,"href":"https:\/\/www.europesays.com\/ch-fr\/wp-json\/wp\/v2\/categories?post=279002"},{"taxonomy":"post_tag","embeddable":true,"href":"https:\/\/www.europesays.com\/ch-fr\/wp-json\/wp\/v2\/tags?post=279002"}],"curies":[{"name":"wp","href":"https:\/\/api.w.org\/{rel}","templated":true}]}}