{"id":279016,"date":"2026-08-27T11:27:13","date_gmt":"2026-08-27T11:27:13","guid":{"rendered":"https:\/\/www.europesays.com\/ch-fr\/279016\/"},"modified":"2026-08-27T11:27:13","modified_gmt":"2026-08-27T11:27:13","slug":"pourquoi-omar-sy-etait-dans-le-cambresis-samedi-22-aout","status":"publish","type":"post","link":"https:\/\/www.europesays.com\/ch-fr\/279016\/","title":{"rendered":"Pourquoi Omar Sy \u00e9tait dans le Cambr\u00e9sis samedi 22\u00a0ao\u00fbt"},"content":{"rendered":"<p>\tL\u2019acteur fran\u00e7ais \u00e9tait de passage dans le Cambr\u00e9sis pour d\u00e9guster un des plats au menu du restaurant Steak and Beer \u00e0 Fontaine-Notre-Dame, l\u2019un des \u00e9tablissements de la maison Demarcq.<\/p>\n<p>   Article r\u00e9serv\u00e9 aux abonn\u00e9s<\/p>\n<p>                    <a href=\"https:\/\/google.com\/preferences\/source?q=lavoixdunord.fr\" target=\"_blank\" class=\"r-btn r-btn--outline-dark r-btn--google js-datalayer-click\" title=\"Ajouter sur Google\" data-clic-category=\"article\" data-clic-component=\"pr\u00e9f\u00e9rences\" data-clic-element-type=\"CTA\" data-clic-element-name=\"source\" pr=\"\" google=\"\" rel=\"nofollow noopener\"><\/p>\n<p>                      Ajouter aux sources pr\u00e9f\u00e9r\u00e9es sur Google<br \/>\n                  <\/a><\/p>\n<p>  <img decoding=\"async\" data-copyright=\"Getty Images via AFP\" class=\"r-img lazy\" data-  src=\"https:\/\/www.europesays.com\/ch-fr\/wp-content\/uploads\/2026\/08\/98706390.jpeg\" typeof=\"foaf:Image\" alt=\"Que faisait l\u2019acteur fran\u00e7ais dans le Cambr\u00e9sis samedi dernier\u00a0? PHOTO REPRO AFP\"\/><img decoding=\"async\" class=\"r-img\" src=\"https:\/\/www.europesays.com\/ch-fr\/wp-content\/uploads\/2026\/08\/98706390.jpeg\" alt=\"Que faisait l\u2019acteur fran\u00e7ais dans le Cambr\u00e9sis samedi dernier\u00a0? PHOTO REPRO AFP\"\/>  <\/p>\n<p>Article<\/p>\n<p>  <img decoding=\"async\" class=\"r-img lazyloaded\" src=\"https:\/\/www.europesays.com\/ch-fr\/wp-content\/uploads\/2026\/08\/benjamin_degreve.jpg\" alt=\"\"\/><\/p>\n<p>\tPubli\u00e9: 27 Ao\u00fbt 2026 \u00e0 11h33<\/p>\n<p>Temps de lecture:<br \/>\n1 min<\/p>\n<p>C\u2019est \u00e0 travers une publication sur son r\u00e9seau social qu\u2019Antoine Demarcq a partag\u00e9 la nouvelle aux habitu\u00e9s de la maison et du restaurant de r\u00f4tisserie Steak and Beer. Samedi dernier, l\u2019un des acteurs incontournables de la sc\u00e8ne cin\u00e9matographique fran\u00e7aise, <a href=\"https:\/\/www.lavoixdunord.fr\/tags\/omar-sy\" target=\"_blank\" rel=\"nofollow noopener\">Omar Sy<\/a>, est venu manger dans l\u2019un de ses restaurants.<\/p>\n<p>&#13;<br \/>\n&#13;<\/p>\n<p>&#13;<br \/>\n&#13;<\/p>\n<p>  Article r\u00e9serv\u00e9 aux abonn\u00e9s<\/p>\n<p>Pour lire la suite de cet article :<\/p>\n<p>Abonnez-vous \u00e0 notre offre num\u00e9rique. <\/p>\n<p>Sans engagement de dur\u00e9e.<\/p>\n<p>    <a class=\"r-btn r-btn--secondary js-sso--url\" target=\"_self\" rel=\"nofollow noopener\" href=\"https:\/\/espace-abonnement.lavoixdunord.fr\/?int_source=site_vdn&amp;int_medium=paywall_natif&amp;int_campaign=abo_tout?backurl=[current-page:js-url]\" id=\"abonnements_boutique btn_paywall_subscribe\">S&rsquo;ABONNER<\/a><\/p>\n<p>    Vous \u00eates d\u00e9j\u00e0 abonn\u00e9 ou inscrit ?<br \/><a class=\"js-sso--url\" id=\"btn_paywall_login\" href=\"https:\/\/ssov3.lavoixdunord.fr\/product\/redirect?product_id=fr_lavoixdunord&amp;return_to=[current-page:js-url]\" rel=\"nofollow noopener\" target=\"_blank\">Se connecter<\/a><\/p>\n<p>Contenus sponsoris\u00e9s<\/p>\n<p>&#13;<br \/>\n&#13;<\/p>\n<p>&#13;<br \/>\n&#13;<\/p>\n","protected":false},"excerpt":{"rendered":"L\u2019acteur fran\u00e7ais \u00e9tait de passage dans le Cambr\u00e9sis pour d\u00e9guster un des plats au menu du restaurant Steak&hellip;\n","protected":false},"author":2,"featured_media":279017,"comment_status":"","ping_status":"","sticky":false,"template":"","format":"standard","meta":{"footnotes":"","_share_on_mastodon":"0"},"categories":[15],"tags":[158,157,113,112,59869,40326,159,23],"class_list":["post-279016","post","type-post","status-publish","format-standard","has-post-thumbnail","category-people","tag-celebrities","tag-celebrity","tag-divertissement","tag-entertainment","tag-fontaine-notre-dame-nord","tag-omar-sy","tag-people","tag-suisse"],"share_on_mastodon":{"url":"https:\/\/pubeurope.com\/@ch_fr\/117167236873883008","error":""},"_links":{"self":[{"href":"https:\/\/www.europesays.com\/ch-fr\/wp-json\/wp\/v2\/posts\/279016","targetHints":{"allow":["GET"]}}],"collection":[{"href":"https:\/\/www.europesays.com\/ch-fr\/wp-json\/wp\/v2\/posts"}],"about":[{"href":"https:\/\/www.europesays.com\/ch-fr\/wp-json\/wp\/v2\/types\/post"}],"author":[{"embeddable":true,"href":"https:\/\/www.europesays.com\/ch-fr\/wp-json\/wp\/v2\/users\/2"}],"replies":[{"embeddable":true,"href":"https:\/\/www.europesays.com\/ch-fr\/wp-json\/wp\/v2\/comments?post=279016"}],"version-history":[{"count":0,"href":"https:\/\/www.europesays.com\/ch-fr\/wp-json\/wp\/v2\/posts\/279016\/revisions"}],"wp:featuredmedia":[{"embeddable":true,"href":"https:\/\/www.europesays.com\/ch-fr\/wp-json\/wp\/v2\/media\/279017"}],"wp:attachment":[{"href":"https:\/\/www.europesays.com\/ch-fr\/wp-json\/wp\/v2\/media?parent=279016"}],"wp:term":[{"taxonomy":"category","embeddable":true,"href":"https:\/\/www.europesays.com\/ch-fr\/wp-json\/wp\/v2\/categories?post=279016"},{"taxonomy":"post_tag","embeddable":true,"href":"https:\/\/www.europesays.com\/ch-fr\/wp-json\/wp\/v2\/tags?post=279016"}],"curies":[{"name":"wp","href":"https:\/\/api.w.org\/{rel}","templated":true}]}}