{"id":279434,"date":"2026-08-27T16:24:18","date_gmt":"2026-08-27T16:24:18","guid":{"rendered":"https:\/\/www.europesays.com\/ch-fr\/279434\/"},"modified":"2026-08-27T16:24:18","modified_gmt":"2026-08-27T16:24:18","slug":"hockey-marc-luthi-elu-president-de-la-federation-suisse","status":"publish","type":"post","link":"https:\/\/www.europesays.com\/ch-fr\/279434\/","title":{"rendered":"Hockey : Marc L\u00fcthi \u00e9lu pr\u00e9sident de la F\u00e9d\u00e9ration suisse"},"content":{"rendered":"<p>La Swiss Ice Hockey Federation a \u00e9lu Marc L\u00fcthi (65 ans) comme nouveau pr\u00e9sident du conseil d\u2019administration lors de son Assembl\u00e9e g\u00e9n\u00e9rale extraordinaire du jeudi 27 ao\u00fbt. Le Bernois entre en fonctions avec effet imm\u00e9diat.<\/p>\n<p>L\u2019ancien et omnipotent directeur g\u00e9n\u00e9ral du CP Berne succ\u00e8de \u00e0 Urs Kessler, qui avait d\u00e9missionn\u00e9 d\u00e9but juin, \u00e0 la suite du Championnat du monde \u00e0 domicile et de \u00ab\u00a0l&rsquo;affaire Fischer\u00a0\u00bb. Depuis, la F\u00e9d\u00e9ration \u00e9tait dirig\u00e9e de mani\u00e8re int\u00e9rimaire par son vice-pr\u00e9sident, Marc-Anthony Anner.<\/p>\n<p>\u00ab\u00a0Un immense potentiel\u00a0\u00bb<\/p>\n<p>Pendant 28 ans, L\u00fcthi a d\u00e9fendu avec constance les int\u00e9r\u00eats de la National League avec Berne et a figur\u00e9 parmi ses principaux d\u00e9cideurs. Il change d\u00e9sormais de c\u00f4t\u00e9. L\u2019espoir est qu\u2019il am\u00e9liore la collaboration entre la F\u00e9d\u00e9ration et la National League, tout en trouvant et en imposant des solutions pour la Swiss League.<\/p>\n<p>\u00ab\u00a0Je me r\u00e9jouis de relever ce nouveau d\u00e9fi et regarde vers l\u2019avenir avec optimisme\u00a0\u00bb, a d\u00e9clar\u00e9 L\u00fcthi, cit\u00e9 dans le communiqu\u00e9 de la F\u00e9d\u00e9ration. \u00ab\u00a0Swiss Ice Hockey dispose d\u2019une base solide, de personnes engag\u00e9es et d\u2019un immense potentiel.\u00a0\u00bb<\/p>\n<p class=\"sources\">ats\/lper<\/p>\n","protected":false},"excerpt":{"rendered":"La Swiss Ice Hockey Federation a \u00e9lu Marc L\u00fcthi (65 ans) comme nouveau pr\u00e9sident du conseil d\u2019administration lors&hellip;\n","protected":false},"author":2,"featured_media":279435,"comment_status":"","ping_status":"","sticky":false,"template":"","format":"standard","meta":{"footnotes":"","_share_on_mastodon":"0"},"categories":[8],"tags":[59912,855,22762,741,493,219,1280,92,15860,186,75,23],"class_list":["post-279434","post","type-post","status-publish","format-standard","has-post-thumbnail","category-sports","tag-assemblee-generale-extraordinaire","tag-cp-berne","tag-federation","tag-gouvernement","tag-hockey","tag-hockey-sur-glace","tag-marc-luthi","tag-politique","tag-president-du-directoire","tag-sport","tag-sports","tag-suisse"],"share_on_mastodon":{"url":"https:\/\/pubeurope.com\/@ch_fr\/117168404368301540","error":""},"_links":{"self":[{"href":"https:\/\/www.europesays.com\/ch-fr\/wp-json\/wp\/v2\/posts\/279434","targetHints":{"allow":["GET"]}}],"collection":[{"href":"https:\/\/www.europesays.com\/ch-fr\/wp-json\/wp\/v2\/posts"}],"about":[{"href":"https:\/\/www.europesays.com\/ch-fr\/wp-json\/wp\/v2\/types\/post"}],"author":[{"embeddable":true,"href":"https:\/\/www.europesays.com\/ch-fr\/wp-json\/wp\/v2\/users\/2"}],"replies":[{"embeddable":true,"href":"https:\/\/www.europesays.com\/ch-fr\/wp-json\/wp\/v2\/comments?post=279434"}],"version-history":[{"count":0,"href":"https:\/\/www.europesays.com\/ch-fr\/wp-json\/wp\/v2\/posts\/279434\/revisions"}],"wp:featuredmedia":[{"embeddable":true,"href":"https:\/\/www.europesays.com\/ch-fr\/wp-json\/wp\/v2\/media\/279435"}],"wp:attachment":[{"href":"https:\/\/www.europesays.com\/ch-fr\/wp-json\/wp\/v2\/media?parent=279434"}],"wp:term":[{"taxonomy":"category","embeddable":true,"href":"https:\/\/www.europesays.com\/ch-fr\/wp-json\/wp\/v2\/categories?post=279434"},{"taxonomy":"post_tag","embeddable":true,"href":"https:\/\/www.europesays.com\/ch-fr\/wp-json\/wp\/v2\/tags?post=279434"}],"curies":[{"name":"wp","href":"https:\/\/api.w.org\/{rel}","templated":true}]}}