{"id":279456,"date":"2026-08-27T16:39:19","date_gmt":"2026-08-27T16:39:19","guid":{"rendered":"https:\/\/www.europesays.com\/ch-fr\/279456\/"},"modified":"2026-08-27T16:39:19","modified_gmt":"2026-08-27T16:39:19","slug":"un-acteur-dharry-potter-retourne-jouer-son-personnage-15-ans-plus-tard-fouler-a-nouveau-le-quai-9-%c2%be-et-reprendre-la-ou-je-metais-arrete","status":"publish","type":"post","link":"https:\/\/www.europesays.com\/ch-fr\/279456\/","title":{"rendered":"Un acteur d&rsquo;Harry Potter retourne jouer son personnage 15 ans plus tard\u00a0: \u00ab\u00a0Fouler \u00e0 nouveau le quai 9 \u00be et reprendre l\u00e0 o\u00f9 je m&rsquo;\u00e9tais arr\u00eat\u00e9\u00a0\u00bb"},"content":{"rendered":"<p class=\"ap-StoryElement ap-StoryElement--mb ap-StoryText\">Apr\u00e8s Tom Felton qui incarnait Drago Malefoy, le m\u00e9chant Serpentard, c&rsquo;est d\u00e9sormais Rupert Grint qui a d\u00e9cid\u00e9 de retourner incarner le personnage qui l&rsquo;a rendu c\u00e9l\u00e8bre mais\u2026 pas au cin\u00e9ma.<\/p>\n<p class=\"ap-StoryElement ap-StoryElement--mb ap-StoryText\">En effet, c&rsquo;est sur les planches de Broadway que l&rsquo;acteur reviendra interpr\u00e9ter Ron Weasley dans le cadre de la pi\u00e8ce \u00ab\u00a0Harry Potter and the Cursed Child\u00a0\u00bb. Cette apparition se fera d\u00e8s le 2 f\u00e9vrier 2027 et se terminera le 30 mai de la m\u00eame ann\u00e9e selon des informations de la RTBF. Rupert Grint aurait n\u00e9anmoins la possibilit\u00e9 de prolonger son contrat.<\/p>\n","protected":false},"excerpt":{"rendered":"Apr\u00e8s Tom Felton qui incarnait Drago Malefoy, le m\u00e9chant Serpentard, c&rsquo;est d\u00e9sormais Rupert Grint qui a d\u00e9cid\u00e9 de&hellip;\n","protected":false},"author":2,"featured_media":279457,"comment_status":"","ping_status":"","sticky":false,"template":"","format":"standard","meta":{"footnotes":"","_share_on_mastodon":"0"},"categories":[11],"tags":[59917,59918,59913,3393,113,112,139,138,137,21240,59914,23,59915,21242,21243,21244,21245,21246,21247,59916],"class_list":["post-279456","post","type-post","status-publish","format-standard","has-post-thumbnail","category-films","tag-17439980-jpg","tag-20220223_zaa_d118_008-jpg","tag-avrupa","tag-dou","tag-divertissement","tag-entertainment","tag-film","tag-films","tag-movies","tag-press","tag-sava","tag-suisse","tag-ukrayna","tag-zagency","tag-zlast24","tag-zselect","tag-zuma","tag-zumapress-com","tag-zwire","tag-zworld"],"share_on_mastodon":{"url":"https:\/\/pubeurope.com\/@ch_fr\/117168463447220029","error":""},"_links":{"self":[{"href":"https:\/\/www.europesays.com\/ch-fr\/wp-json\/wp\/v2\/posts\/279456","targetHints":{"allow":["GET"]}}],"collection":[{"href":"https:\/\/www.europesays.com\/ch-fr\/wp-json\/wp\/v2\/posts"}],"about":[{"href":"https:\/\/www.europesays.com\/ch-fr\/wp-json\/wp\/v2\/types\/post"}],"author":[{"embeddable":true,"href":"https:\/\/www.europesays.com\/ch-fr\/wp-json\/wp\/v2\/users\/2"}],"replies":[{"embeddable":true,"href":"https:\/\/www.europesays.com\/ch-fr\/wp-json\/wp\/v2\/comments?post=279456"}],"version-history":[{"count":0,"href":"https:\/\/www.europesays.com\/ch-fr\/wp-json\/wp\/v2\/posts\/279456\/revisions"}],"wp:featuredmedia":[{"embeddable":true,"href":"https:\/\/www.europesays.com\/ch-fr\/wp-json\/wp\/v2\/media\/279457"}],"wp:attachment":[{"href":"https:\/\/www.europesays.com\/ch-fr\/wp-json\/wp\/v2\/media?parent=279456"}],"wp:term":[{"taxonomy":"category","embeddable":true,"href":"https:\/\/www.europesays.com\/ch-fr\/wp-json\/wp\/v2\/categories?post=279456"},{"taxonomy":"post_tag","embeddable":true,"href":"https:\/\/www.europesays.com\/ch-fr\/wp-json\/wp\/v2\/tags?post=279456"}],"curies":[{"name":"wp","href":"https:\/\/api.w.org\/{rel}","templated":true}]}}