{"id":279480,"date":"2026-08-27T16:55:12","date_gmt":"2026-08-27T16:55:12","guid":{"rendered":"https:\/\/www.europesays.com\/ch-fr\/279480\/"},"modified":"2026-08-27T16:55:12","modified_gmt":"2026-08-27T16:55:12","slug":"face-a-lengouement-autour-de-cauchemar-en-cuisine-m6-et-philippe-etchebest-lancent-encore-un-appel-pour-trouver-de-nouveaux-restaurants","status":"publish","type":"post","link":"https:\/\/www.europesays.com\/ch-fr\/279480\/","title":{"rendered":"Face \u00e0 l&rsquo;engouement autour de \u00ab\u00a0Cauchemar en cuisine\u00a0\u00bb, M6 et Philippe Etchebest lancent (encore) un appel pour trouver de nouveaux restaurants"},"content":{"rendered":"<p class=\"mb-4 text-lg md:leading-8 break-words\">Les \u00e9quipes du programme culinaire cherchent plus particuli\u00e8rement des restaurateurs en difficult\u00e9 dans la r\u00e9gion royannaise.<\/p>\n<p class=\"mb-4 text-lg md:leading-8 break-words\">De l&rsquo;in\u00e9dit, enfin, pour \u00ab\u00a0Cauchemar en cuisine\u00a0\u00bb. Apr\u00e8s tout <a data-ylk=\"slk:un \u00e9t\u00e9 \u00e0 rediffuser des vieux \u00e9pisodes;elm:context_link;itc:0;sec:content-canvas;\" data-yga=\"{&quot;yLinkElement&quot;:&quot;link&quot;,&quot;yLinkElementType&quot;:&quot;article_link&quot;}\" href=\"https:\/\/www.ozap.com\/actu\/a-chaque-fois-quils-rediffusent-antonio-cauchemar-en-cuisine-donne-des-nouvelles-de-son-restaurant-a-marseille-7-mois-apres-le-passage-de-philippe-etchebest\/656446\" rel=\"noopener noreferrer nofollow\" target=\"_blank\">un \u00e9t\u00e9 \u00e0 rediffuser des vieux \u00e9pisodes<\/a> du programme culinaire,<a data-ylk=\"slk:M6 proposera \u00e0 la rentr\u00e9e un num\u00e9ro encore jamais retransmis;elm:context_link;itc:0;sec:content-canvas;\" data-yga=\"{&quot;yLinkElement&quot;:&quot;link&quot;,&quot;yLinkElementType&quot;:&quot;article_link&quot;}\" href=\"https:\/\/www.ozap.com\/actu\/cauchemar-en-cuisine-m6-annonce-enfin-la-diffusion-dun-episode-inedit-avec-philippe-etchebest\/656457\" rel=\"noopener noreferrer nofollow\" target=\"_blank\"> M6 proposera \u00e0 la rentr\u00e9e un num\u00e9ro encore jamais retransmis<\/a> \u00e0 l&rsquo;antenne. Dans son costume de \u00ab\u00a0Messie\u00a0\u00bb des fourneaux, <a data-ylk=\"slk:Philippe Etchebest;elm:context_link;itc:0;sec:content-canvas;\" data-yga=\"{&quot;yLinkElement&quot;:&quot;link&quot;,&quot;yLinkElementType&quot;:&quot;article_link&quot;}\" href=\"https:\/\/www.ozap.com\/personnalite\/philippe-etchebest_e189583\" rel=\"noopener noreferrer nofollow\" target=\"_blank\">Philippe Etchebest<\/a> s&rsquo;est rendu \u00e0 Saint-Bonnet-en-Champsaur, au coeur des Hautes-Alpes, pour aider B\u00e9atrice Herbert et St\u00e9phane Blanc au sauvetage de leur restaurant. Les deux g\u00e9rants de \u00ab\u00a0L&rsquo;auberge de Marie\u00a0\u00bb ont pris contact avec le chef aux m\u00e9thodes muscl\u00e9es et ses \u00e9quipes pour stopper l&rsquo;h\u00e9morragie de la baisse de clients. Ils esp\u00e8rent ainsi b\u00e9n\u00e9ficier de conseils et de l&rsquo;accompagnement d&rsquo;un grand nom du m\u00e9tier pour ne pas mettre la cl\u00e9 sous la porte, alors qu&rsquo;ils croulent sous les difficult\u00e9s financi\u00e8res.<\/p>\n<p class=\"mb-4 text-lg md:leading-8 break-words\">Cap \u00e0 l&rsquo;Ouest<\/p>\n<p class=\"mb-4 text-lg md:leading-8 break-words\">Mais, la production ne compte pas s&rsquo;arr\u00eater \u00e0 ce seul cas, et continue de rechercher dans toute l&rsquo;Hexagone des \u00e9tablissements au bord de la faillite. Apr\u00e8s avoir <a data-ylk=\"slk:cibl\u00e9 des commer\u00e7ants dans le Sud de la France;elm:context_link;itc:0;sec:content-canvas;\" data-yga=\"{&quot;yLinkElement&quot;:&quot;link&quot;,&quot;yLinkElementType&quot;:&quot;article_link&quot;}\" href=\"https:\/\/www.ozap.com\/actu\/face-a-lengouement-autour-de-cauchemar-en-cuisine-m6-et-philippe-etchebest-cherchent-encore-de-nouveaux-restaurants\/656338\" rel=\"noopener noreferrer nofollow\" target=\"_blank\">cibl\u00e9 des commer\u00e7ants dans le Sud de la France<\/a>, le format star de la Six s&rsquo;attaque d\u00e9sormais \u00e0 la r\u00e9gion royannaise et \u00e0 la Dordogne. Des article relay\u00e9s par <a data-ylk=\"slk:&quot;Sud Ouest&quot;;elm:context_link;itc:0;sec:content-canvas;\" data-yga=\"{&quot;yLinkElement&quot;:&quot;link&quot;,&quot;yLinkElementType&quot;:&quot;article_link&quot;}\" href=\"https:\/\/www.sudouest.fr\/gastronomie\/philippe-etchebest\/l-emission-cauchemar-en-cuisine-lance-un-appel-a-candidature-aux-restaurateurs-en-difficulte-du-pays-royannais-30363531.php\" rel=\"noopener noreferrer nofollow\" target=\"_blank\">\u00ab\u00a0Sud Ouest\u00a0\u00bb<\/a> font \u00e9tat d&rsquo;un appel \u00e0 candidatures pour les professionnels concern\u00e9s par cette zone. Ces derniers peuvent contacter le staff charg\u00e9 du casting au 06.86.48.38.87 ou leur envoyer un mail \u00e0 l&rsquo;adresse : castingcauchemar@M6.fr. \u00ab\u00a0Au-del\u00e0 de l&rsquo;\u00e9mission, notre d\u00e9marche est aussi de\u00a0mettre en valeur votre r\u00e9gion, son patrimoine culinaire et de venir en aide \u00e0 des \u00e9tablissements qui m\u00e9ritent d&rsquo;\u00eatre soutenus\u00a0\u00bb, indique le communiqu\u00e9 de presse.<\/p>\n<p class=\"mb-4 text-lg md:leading-8 break-words\">Ce ne serait pas la premi\u00e8re fois que Philippe Etchebest met les pieds en Charente-Maritimes. En 2022, le taulier de \u00ab\u00a0Top Chef\u00a0\u00bb avait aid\u00e9 <a data-ylk=\"slk:J\u00e9r\u00f4me \u00e0 redresser la situation de son commerce;elm:context_link;itc:0;sec:content-canvas;\" data-yga=\"{&quot;yLinkElement&quot;:&quot;link&quot;,&quot;yLinkElementType&quot;:&quot;article_link&quot;}\" href=\"https:\/\/www.ozap.com\/actu\/cette-decision-na-pas-ete-facile-a-prendre-4-ans-apres-le-passage-de-philippe-etchebest-et-cauchemar-en-cuisine-le-restaurant-de-jerome-a-tonnay-charente-ferme-definitivement-ses-portes\/655918\" rel=\"noopener noreferrer nofollow\" target=\"_blank\">J\u00e9r\u00f4me \u00e0 redresser la situation de son commerce<\/a>, situ\u00e9 \u00e0 Tonnay-Charente. Son intervention avait \u00e9t\u00e9 jug\u00e9 positive pour le tenancier de \u00ab\u00a0Comme chien et chat\u00a0\u00bb. \u00ab\u00a0Certains des conseils du chef m&rsquo;ont surpris, mais il avait raison. D&rsquo;ailleurs, depuis sa venue, on a doubl\u00e9 l&rsquo;activit\u00e9. Bien s\u00fbr, il y a un peu de bouche-\u00e0-oreille car les gens ont su qu&rsquo;ils \u00e9taient l\u00e0, mais j&rsquo;ai retrouv\u00e9 l&rsquo;activit\u00e9 d&rsquo;avant Covid\u00a0\u00bb, avait-il confi\u00e9 \u00e0 \u00ab\u00a0<a data-ylk=\"slk:Sud Ouest;elm:context_link;itc:0;sec:content-canvas;\" data-yga=\"{&quot;yLinkElement&quot;:&quot;link&quot;,&quot;yLinkElementType&quot;:&quot;article_link&quot;}\" href=\"https:\/\/www.sudouest.fr\/charente-maritime\/tonnay-charente\/charente-maritime-cauchemar-en-cuisine-s-invite-a-tonnay-charente-12962637.php\" rel=\"noopener noreferrer nofollow\" target=\"_blank\">Sud Ouest<\/a>\u00ab\u00a0, quelques semaines apr\u00e8s avoir \u00e9t\u00e9 suivi par les cam\u00e9ras de M6. Malheureusement, cet effet de curiosit\u00e9 ne s&rsquo;est pas poursuivi sur la dur\u00e9e, puisque le restaurant a ferm\u00e9 d\u00e9finitivement ses portes.<\/p>\n<p class=\"mb-4 text-lg md:leading-8 break-words\">\u00c0 lire aussi : <a data-ylk=\"slk:&quot;Nous avons tout essay\u00e9\u2026&quot; : Malgr\u00e9 le passage de Philippe Etchebest et des \u00e9quipes de &quot;Cauchemar en cuisine&quot;, Isabelle et Jeffrey ont &quot;d\u00e9finitivement ferm\u00e9&quot; leur restaurant \u00e0 Saint-Berthevin-la-Tanni\u00e8re;elm:context_link;itc:0;sec:content-canvas;\" data-yga=\"{&quot;yLinkElement&quot;:&quot;link&quot;,&quot;yLinkElementType&quot;:&quot;article_link&quot;}\" href=\"https:\/\/www.ozap.com\/actu\/nous-avons-tout-essaye-malgre-le-passage-de-philippe-etchebest-et-des-equipes-de-cauchemar-en-cuisine-isabelle-et-jeffrey-ont-definitivement-ferme-leur-restaurant-a-saint-berthevin-la-tanniere\/656549\" rel=\"noopener noreferrer nofollow\" target=\"_blank\">\u00ab\u00a0Nous avons tout essay\u00e9\u2026\u00a0\u00bb : Malgr\u00e9 le passage de Philippe Etchebest et des \u00e9quipes de \u00ab\u00a0Cauchemar en cuisine\u00a0\u00bb, Isabelle et Jeffrey ont \u00ab\u00a0d\u00e9finitivement ferm\u00e9\u00a0\u00bb leur restaurant \u00e0 Saint-Berthevin-la-Tanni\u00e8re<\/a><\/p>\n<p class=\"mb-4 text-lg md:leading-8 break-words\">Un \u00ab\u00a0vrai suivi\u00a0\u00bb apr\u00e8s la diffusion<\/p>\n<p class=\"mb-4 text-lg md:leading-8 break-words\">Pourtant, J\u00e9r\u00f4me \u00e9tait r\u00e9apparu dans un \u00e9pisode sp\u00e9cial \u00ab\u00a0Que sont-ils devenus ?\u00a0\u00bb en 2024, afin de partager de bonnes nouvelles. Preuve que l&rsquo;accompagnement propos\u00e9 par les \u00e9quipes de \u00ab\u00a0Cauchemar en cuisine\u00a0\u00bb ne se limite pas \u00e0 la seule diffusion du num\u00e9ro. \u00ab\u00a0<a data-ylk=\"slk:Il y un vrai suivi dans le cadre de cette \u00e9mission;elm:context_link;itc:0;sec:content-canvas;\" data-yga=\"{&quot;yLinkElement&quot;:&quot;link&quot;,&quot;yLinkElementType&quot;:&quot;article_link&quot;}\" href=\"https:\/\/www.ozap.com\/actu\/il-y-a-un-vrai-suivi-philippe-etchebest-explique-comment-l-equipe-de-cauchemar-en-cuisine-accompagne-les-restaurateurs-apres-le-tournage\/654776\" rel=\"noopener noreferrer nofollow\" target=\"_blank\">Il y un vrai suivi dans le cadre de cette \u00e9mission<\/a>, ce n&rsquo;est pas une \u00e9mission pour faire de la t\u00e9l\u00e9\u00a0\u00bb, avait assur\u00e9 le sauveur de causes compromises sur les ondes. \u00ab\u00a0J&rsquo;avais demand\u00e9 \u00e0 la chaine qu&rsquo;il se passe quelque chose apr\u00e8s mon passage. Donc, il y a une soci\u00e9t\u00e9 avec des experts en pilotage d&rsquo;entreprise qui suivent les restaurateurs pendant 6 mois qui les accompagnent dans la gestion et dans la communication pour les aider \u00e0 sortir la t\u00eate de l&rsquo;eau\u00a0\u00bb, avait-il ajout\u00e9.\u00a0<\/p>\n<p class=\"mb-4 text-lg md:leading-8 break-words\">Malgr\u00e9 ces \u00e9checs, la Six n&rsquo;h\u00e9site pas \u00e0 rediffuser en prime time des \u00e9missions, alors m\u00eame que son incarnant vedette a failli dans sa mission. C&rsquo;\u00e9tait encore le cas de celui du 20 ao\u00fbt dernier, malgr\u00e9<a data-ylk=\"slk:la fermeture de l&#039;auberge d&#039;Isabelle et Jeffrey;elm:context_link;itc:0;sec:content-canvas;\" data-yga=\"{&quot;yLinkElement&quot;:&quot;link&quot;,&quot;yLinkElementType&quot;:&quot;article_link&quot;}\" href=\"https:\/\/www.ozap.com\/actu\/nous-avons-tout-essaye-malgre-le-passage-de-philippe-etchebest-et-des-equipes-de-cauchemar-en-cuisine-isabelle-et-jeffrey-ont-definitivement-ferme-leur-restaurant-a-saint-berthevin-la-tanniere\/656549\" rel=\"noopener noreferrer nofollow\" target=\"_blank\"> la fermeture de l&rsquo;auberge d&rsquo;Isabelle et Jeffrey<\/a>, trois ans plus t\u00f4t.<\/p>\n<p class=\"mb-4 text-lg md:leading-8 break-words\"><a data-ylk=\"slk:Article original sur Purem\u00e9dias;elm:context_link;itc:0;sec:content-canvas;\" data-yga=\"{&quot;yLinkElement&quot;:&quot;link&quot;,&quot;yLinkElementType&quot;:&quot;article_link&quot;}\" href=\"https:\/\/www.ozap.com\/actu\/face-a-lengouement-autour-de-cauchemar-en-cuisine-m6-et-philippe-etchebest-lancent-encore-un-appel-pour-trouver-de-nouveaux-restaurants\/656653\" rel=\"noopener noreferrer nofollow\" target=\"_blank\">Article original sur Purem\u00e9dias<\/a><\/p>\n","protected":false},"excerpt":{"rendered":"Les \u00e9quipes du programme culinaire cherchent plus particuli\u00e8rement des restaurateurs en difficult\u00e9 dans la r\u00e9gion royannaise. De l&rsquo;in\u00e9dit,&hellip;\n","protected":false},"author":2,"featured_media":279481,"comment_status":"","ping_status":"","sticky":false,"template":"","format":"standard","meta":{"footnotes":"","_share_on_mastodon":"0"},"categories":[13],"tags":[13599,28231,113,112,4702,57144,5462,1397,23,142],"class_list":["post-279480","post","type-post","status-publish","format-standard","has-post-thumbnail","category-television","tag-cauchemar-en-cuisine","tag-communique-de-presse","tag-divertissement","tag-entertainment","tag-equipes","tag-l39auberge-de-marie","tag-philippe-etchebest","tag-sud-de-la-france","tag-suisse","tag-television"],"share_on_mastodon":{"url":"https:\/\/pubeurope.com\/@ch_fr\/117168525963103042","error":""},"_links":{"self":[{"href":"https:\/\/www.europesays.com\/ch-fr\/wp-json\/wp\/v2\/posts\/279480","targetHints":{"allow":["GET"]}}],"collection":[{"href":"https:\/\/www.europesays.com\/ch-fr\/wp-json\/wp\/v2\/posts"}],"about":[{"href":"https:\/\/www.europesays.com\/ch-fr\/wp-json\/wp\/v2\/types\/post"}],"author":[{"embeddable":true,"href":"https:\/\/www.europesays.com\/ch-fr\/wp-json\/wp\/v2\/users\/2"}],"replies":[{"embeddable":true,"href":"https:\/\/www.europesays.com\/ch-fr\/wp-json\/wp\/v2\/comments?post=279480"}],"version-history":[{"count":0,"href":"https:\/\/www.europesays.com\/ch-fr\/wp-json\/wp\/v2\/posts\/279480\/revisions"}],"wp:featuredmedia":[{"embeddable":true,"href":"https:\/\/www.europesays.com\/ch-fr\/wp-json\/wp\/v2\/media\/279481"}],"wp:attachment":[{"href":"https:\/\/www.europesays.com\/ch-fr\/wp-json\/wp\/v2\/media?parent=279480"}],"wp:term":[{"taxonomy":"category","embeddable":true,"href":"https:\/\/www.europesays.com\/ch-fr\/wp-json\/wp\/v2\/categories?post=279480"},{"taxonomy":"post_tag","embeddable":true,"href":"https:\/\/www.europesays.com\/ch-fr\/wp-json\/wp\/v2\/tags?post=279480"}],"curies":[{"name":"wp","href":"https:\/\/api.w.org\/{rel}","templated":true}]}}