{"id":279538,"date":"2026-08-27T17:37:11","date_gmt":"2026-08-27T17:37:11","guid":{"rendered":"https:\/\/www.europesays.com\/ch-fr\/279538\/"},"modified":"2026-08-27T17:37:11","modified_gmt":"2026-08-27T17:37:11","slug":"ligue-des-champions-psg-barcelone-et-real-arsenal-a-laffiche","status":"publish","type":"post","link":"https:\/\/www.europesays.com\/ch-fr\/279538\/","title":{"rendered":"Ligue des champions : PSG-Barcelone et Real-Arsenal \u00e0 l&rsquo;affiche"},"content":{"rendered":"<p>Paris SG-FC Barcelone, Arsenal-Real Madrid, Inter Milan-Liverpool et Atl\u00e9tico Madrid-Bayern Munich figurent parmi les plus grosses affiches de la phase de ligue de la Ligue des champions. Son tirage au sort a \u00e9t\u00e9 effectu\u00e9 jeudi \u00e0 Monaco.<\/p>\n<p>Trente-six \u00e9quipes vont disputer huit matches de ligue chacune pour esp\u00e9rer se hisser parmi les qualifi\u00e9s pour les huiti\u00e8mes de finale ou, \u00e0 d\u00e9faut, pour les barrages. Le PSG, tenant du titre, se d\u00e9placera aussi \u00e0 Manchester City qui jouera \u00e0 Barcelone, le Bayern recevra Arsenal, le Real accueillera l&rsquo;Inter, entre autres gros rendez-vous d&rsquo;ici la fin janvier.<\/p>\n<p class=\"sources\">agences\/lper<\/p>\n","protected":false},"excerpt":{"rendered":"Paris SG-FC Barcelone, Arsenal-Real Madrid, Inter Milan-Liverpool et Atl\u00e9tico Madrid-Bayern Munich figurent parmi les plus grosses affiches de&hellip;\n","protected":false},"author":2,"featured_media":279539,"comment_status":"","ping_status":"","sticky":false,"template":"","format":"standard","meta":{"footnotes":"","_share_on_mastodon":"0"},"categories":[8],"tags":[3806,182,3808,186,75,23],"class_list":["post-279538","post","type-post","status-publish","format-standard","has-post-thumbnail","category-sports","tag-as-monaco-fc","tag-football","tag-ligue-des-champions-de-luefa","tag-sport","tag-sports","tag-suisse"],"share_on_mastodon":{"url":"https:\/\/pubeurope.com\/@ch_fr\/117168691522298056","error":""},"_links":{"self":[{"href":"https:\/\/www.europesays.com\/ch-fr\/wp-json\/wp\/v2\/posts\/279538","targetHints":{"allow":["GET"]}}],"collection":[{"href":"https:\/\/www.europesays.com\/ch-fr\/wp-json\/wp\/v2\/posts"}],"about":[{"href":"https:\/\/www.europesays.com\/ch-fr\/wp-json\/wp\/v2\/types\/post"}],"author":[{"embeddable":true,"href":"https:\/\/www.europesays.com\/ch-fr\/wp-json\/wp\/v2\/users\/2"}],"replies":[{"embeddable":true,"href":"https:\/\/www.europesays.com\/ch-fr\/wp-json\/wp\/v2\/comments?post=279538"}],"version-history":[{"count":0,"href":"https:\/\/www.europesays.com\/ch-fr\/wp-json\/wp\/v2\/posts\/279538\/revisions"}],"wp:featuredmedia":[{"embeddable":true,"href":"https:\/\/www.europesays.com\/ch-fr\/wp-json\/wp\/v2\/media\/279539"}],"wp:attachment":[{"href":"https:\/\/www.europesays.com\/ch-fr\/wp-json\/wp\/v2\/media?parent=279538"}],"wp:term":[{"taxonomy":"category","embeddable":true,"href":"https:\/\/www.europesays.com\/ch-fr\/wp-json\/wp\/v2\/categories?post=279538"},{"taxonomy":"post_tag","embeddable":true,"href":"https:\/\/www.europesays.com\/ch-fr\/wp-json\/wp\/v2\/tags?post=279538"}],"curies":[{"name":"wp","href":"https:\/\/api.w.org\/{rel}","templated":true}]}}