{"id":279760,"date":"2026-08-27T20:01:09","date_gmt":"2026-08-27T20:01:09","guid":{"rendered":"https:\/\/www.europesays.com\/ch-fr\/279760\/"},"modified":"2026-08-27T20:01:09","modified_gmt":"2026-08-27T20:01:09","slug":"pre-qualifs-euro-2029-la-suisse-sincline-110-75-face-a-la-grande-bretagne","status":"publish","type":"post","link":"https:\/\/www.europesays.com\/ch-fr\/279760\/","title":{"rendered":"Pr\u00e9-qualifs Euro 2029 : la Suisse s&rsquo;incline 110-75 face \u00e0 la Grande-Bretagne"},"content":{"rendered":"<p>Thibaut Petit a connu la d\u00e9faite pour ses d\u00e9buts \u00e0 la t\u00eate de l&rsquo;\u00e9quipe de Suisse masculine. Ses joueurs se sont lourdement inclin\u00e9s 110-75 \u00e0 Fribourg face \u00e0 la Grande-Bretagne dans la 1re journ\u00e9e du 2e tour des pr\u00e9-qualifications de l&rsquo;Euro 2029.<\/p>\n<p>La jeune s\u00e9lection helv\u00e9tique peut d\u00e9j\u00e0 tirer un trait sur la 1re place de ce groupe E, la seule qui offrira un ticket pour les \u00ab\u00a0vraies\u00a0\u00bb qualifications. Elle tentera de relever la t\u00eate le 26 novembre en Slovaquie, o\u00f9 elle jouera le deuxi\u00e8me de ses quatre matches pr\u00e9vus dans ce 2e tour pr\u00e9-qualificatif.<\/p>\n<p>Schumacher meilleur marqueur suisse<\/p>\n<p>La Suisse a parfaitement r\u00e9sist\u00e9 jusqu&rsquo;\u00e0 la 17e minute (36-39), avant d&rsquo;encaisser un 11-2 pour retourner aux vestiaires avec un handicap de 12 points (38-50). La Grande-Bretagne a enterr\u00e9 les minces espoirs helv\u00e9tiques avec un 15-0 r\u00e9ussi dans le troisi\u00e8me quart, qui lui a permis de s&rsquo;offrir 15 longueurs d&rsquo;avance (74-59).<\/p>\n<p>La Suisse n&rsquo;a d&rsquo;ailleurs pas tenu le choc physiquement face aux solides Britanniques, lesquels n&rsquo;ont jamais rel\u00e2ch\u00e9 leur effort: l&rsquo;\u00e9cart maximal (40 points, 70-110) a \u00e9t\u00e9 atteint \u00e0 57\u00a0\u00bb du \u00ab\u00a0buzzer\u00a0\u00bb. Joshua Uduje (24 points) et Tosan Evbuomwan (21 points) ont brill\u00e9 c\u00f4t\u00e9 anglais, alors que le meilleur marqueur helv\u00e9tique a \u00e9t\u00e9 Alexander Schumacher, auteur de 20 points.<\/p>\n<p class=\"sources\">ats\/lper<\/p>\n","protected":false},"excerpt":{"rendered":"Thibaut Petit a connu la d\u00e9faite pour ses d\u00e9buts \u00e0 la t\u00eate de l&rsquo;\u00e9quipe de Suisse masculine. Ses&hellip;\n","protected":false},"author":2,"featured_media":279761,"comment_status":"","ping_status":"","sticky":false,"template":"","format":"standard","meta":{"footnotes":"","_share_on_mastodon":"0"},"categories":[8],"tags":[76,10143,2379,1971,649,59969,2481,186,75,23,59970],"class_list":["post-279760","post","type-post","status-publish","format-standard","has-post-thumbnail","category-sports","tag-autres-sports","tag-basket-ball","tag-canton-de-fribourg","tag-defaite","tag-eau","tag-euro-feminin-de-luefa-2029","tag-grande-bretagne","tag-sport","tag-sports","tag-suisse","tag-thibaut-petit"],"share_on_mastodon":{"url":"https:\/\/pubeurope.com\/@ch_fr\/117169257706555677","error":""},"_links":{"self":[{"href":"https:\/\/www.europesays.com\/ch-fr\/wp-json\/wp\/v2\/posts\/279760","targetHints":{"allow":["GET"]}}],"collection":[{"href":"https:\/\/www.europesays.com\/ch-fr\/wp-json\/wp\/v2\/posts"}],"about":[{"href":"https:\/\/www.europesays.com\/ch-fr\/wp-json\/wp\/v2\/types\/post"}],"author":[{"embeddable":true,"href":"https:\/\/www.europesays.com\/ch-fr\/wp-json\/wp\/v2\/users\/2"}],"replies":[{"embeddable":true,"href":"https:\/\/www.europesays.com\/ch-fr\/wp-json\/wp\/v2\/comments?post=279760"}],"version-history":[{"count":0,"href":"https:\/\/www.europesays.com\/ch-fr\/wp-json\/wp\/v2\/posts\/279760\/revisions"}],"wp:featuredmedia":[{"embeddable":true,"href":"https:\/\/www.europesays.com\/ch-fr\/wp-json\/wp\/v2\/media\/279761"}],"wp:attachment":[{"href":"https:\/\/www.europesays.com\/ch-fr\/wp-json\/wp\/v2\/media?parent=279760"}],"wp:term":[{"taxonomy":"category","embeddable":true,"href":"https:\/\/www.europesays.com\/ch-fr\/wp-json\/wp\/v2\/categories?post=279760"},{"taxonomy":"post_tag","embeddable":true,"href":"https:\/\/www.europesays.com\/ch-fr\/wp-json\/wp\/v2\/tags?post=279760"}],"curies":[{"name":"wp","href":"https:\/\/api.w.org\/{rel}","templated":true}]}}