{"id":279880,"date":"2026-08-27T21:50:09","date_gmt":"2026-08-27T21:50:09","guid":{"rendered":"https:\/\/www.europesays.com\/ch-fr\/279880\/"},"modified":"2026-08-27T21:50:09","modified_gmt":"2026-08-27T21:50:09","slug":"deception-pour-le-quatre-de-couple-feminin-suisse-qui-rate-la-finale","status":"publish","type":"post","link":"https:\/\/www.europesays.com\/ch-fr\/279880\/","title":{"rendered":"D\u00e9ception pour le quatre de couple f\u00e9minin suisse qui rate la finale"},"content":{"rendered":"<p>Mondiaux d\u2019aviron<\/p>\n<p><img loading=\"lazy\" alt=\"D\u00e9ception pour le quatre de couple f\u00e9minin suisse aux Mondiaux d'Amsterdam.\" width=\"1900\" height=\"1069\" decoding=\"async\" data-nimg=\"1\" class=\"object-cover\" style=\"color:transparent\"   src=\"https:\/\/www.europesays.com\/ch-fr\/wp-content\/uploads\/2026\/08\/b0077d61-f138-467f-873d-5a4bace6683d.png\"\/><\/p>\n<p class=\"text-dark-gray text-small mt-2\">D\u00e9ception pour le quatre de couple f\u00e9minin suisse aux Mondiaux d&rsquo;Amsterdam.<\/p>\n<p class=\"text-gray text-smaller mt-1 [.ticker-entry_&amp;]:border-b [.ticker-entry_&amp;]:border-aluminum [.ticker-entry_&amp;]:pb-1\">KEYSTONE<\/p>\n<p class=\"c-stacked-spacing a-paragraph a-paragraph--lead text-h4 leading-26 md:leading-28 text-navy p-4 pb-8 md:px-0 md:pt-8\" data-t-name=\"Paragraph\">D\u00e9ception pour le quatre de couple f\u00e9minin suisse aux Mondiaux d&rsquo;Amsterdam. Lisa L\u00f6tscher, C\u00e9lia Dupr\u00e9, Flavia L\u00f6tscher et Nina Wettstein, qui s&rsquo;\u00e9taient par\u00e9es d&rsquo;or aux championnats d&rsquo;Europe au d\u00e9but du mois, n&rsquo;ont pas pu se qualifier pour la finale A.<\/p>\n<p><img alt=\"Keystone-ATS\" loading=\"lazy\" width=\"40\" height=\"40\" decoding=\"async\" data-nimg=\"1\" class=\"h-full w-full rounded-full object-cover\" style=\"color:transparent\"  src=\"https:\/\/bluewin-prod-sc-images.imgix.net\/2026\/04\/07\/587e954f-f16e-4287-aa35-2044c2550028.heif?w=96&amp;auto=format&amp;s=98034066b6bd6ea59d6a7b700c2d15ff\"\/><\/p>\n<p class=\"author-names text-navy text-small\">Keystone-ATS<\/p>\n<p><img alt=\"\" aria-hidden=\"true\" loading=\"lazy\" width=\"12\" height=\"12\" decoding=\"async\" data-nimg=\"1\" class=\"mr-1 h-3 w-3\" style=\"color:transparent\"  src=\"https:\/\/www.bluewin.ch\/_next\/static\/media\/021-clock.24ldz2iukf4_m.svg?w=32\"\/>Aujourd&rsquo;hui \u00e0 19:48<\/p>\n<p class=\"c-paragraph text-standard wrap-break-word text-dark-gray font-thesans w-full\">Les quatre jeunes femmes, qui avaient remport\u00e9 avec maestria leur s\u00e9rie mardi \u00e0 Amsterdam, ont d\u00fb se contenter d&rsquo;une 4e place jeudi dans leur demi-finale. Elles ont \u00e9chou\u00e9 \u00e0 1\u00a0\u00bb34 de la 3e place, la derni\u00e8re offrant un ticket pour la \u00abgrande\u00bb finale.<\/p>\n<p class=\"c-paragraph text-standard wrap-break-word text-dark-gray font-thesans w-full\">Le quatre de couple masculin (Maurin Lange, Rapha\u00ebl Ahumada, Bojan Reuffurth, Donat Vonder) a par ailleurs conclu ses joutes au 17e rang dans sa cat\u00e9gorie. Les quatre hommes ont fini au 5e rang de la finale C.<\/p>\n","protected":false},"excerpt":{"rendered":"Mondiaux d\u2019aviron D\u00e9ception pour le quatre de couple f\u00e9minin suisse aux Mondiaux d&rsquo;Amsterdam. KEYSTONE D\u00e9ception pour le quatre&hellip;\n","protected":false},"author":2,"featured_media":279881,"comment_status":"","ping_status":"","sticky":false,"template":"","format":"standard","meta":{"footnotes":"","_share_on_mastodon":"0"},"categories":[8],"tags":[15897,75,23],"class_list":["post-279880","post","type-post","status-publish","format-standard","has-post-thumbnail","category-sports","tag-aviron","tag-sports","tag-suisse"],"share_on_mastodon":{"url":"https:\/\/pubeurope.com\/@ch_fr\/117169686687387770","error":""},"_links":{"self":[{"href":"https:\/\/www.europesays.com\/ch-fr\/wp-json\/wp\/v2\/posts\/279880","targetHints":{"allow":["GET"]}}],"collection":[{"href":"https:\/\/www.europesays.com\/ch-fr\/wp-json\/wp\/v2\/posts"}],"about":[{"href":"https:\/\/www.europesays.com\/ch-fr\/wp-json\/wp\/v2\/types\/post"}],"author":[{"embeddable":true,"href":"https:\/\/www.europesays.com\/ch-fr\/wp-json\/wp\/v2\/users\/2"}],"replies":[{"embeddable":true,"href":"https:\/\/www.europesays.com\/ch-fr\/wp-json\/wp\/v2\/comments?post=279880"}],"version-history":[{"count":0,"href":"https:\/\/www.europesays.com\/ch-fr\/wp-json\/wp\/v2\/posts\/279880\/revisions"}],"wp:featuredmedia":[{"embeddable":true,"href":"https:\/\/www.europesays.com\/ch-fr\/wp-json\/wp\/v2\/media\/279881"}],"wp:attachment":[{"href":"https:\/\/www.europesays.com\/ch-fr\/wp-json\/wp\/v2\/media?parent=279880"}],"wp:term":[{"taxonomy":"category","embeddable":true,"href":"https:\/\/www.europesays.com\/ch-fr\/wp-json\/wp\/v2\/categories?post=279880"},{"taxonomy":"post_tag","embeddable":true,"href":"https:\/\/www.europesays.com\/ch-fr\/wp-json\/wp\/v2\/tags?post=279880"}],"curies":[{"name":"wp","href":"https:\/\/api.w.org\/{rel}","templated":true}]}}