{"id":279998,"date":"2026-08-28T00:10:10","date_gmt":"2026-08-28T00:10:10","guid":{"rendered":"https:\/\/www.europesays.com\/ch-fr\/279998\/"},"modified":"2026-08-28T00:10:10","modified_gmt":"2026-08-28T00:10:10","slug":"la-force-de-son-pere-gravee-dans-le-bras-droit-dalexander-rds","status":"publish","type":"post","link":"https:\/\/www.europesays.com\/ch-fr\/279998\/","title":{"rendered":"La force de son p\u00e8re grav\u00e9e dans le bras droit d\u2019Alexander \u2013 RDS"},"content":{"rendered":"<p class=\"c-paragraph\">MONTR\u00c9AL \u2013 Son bras canon, Davis Alexander le poss\u00e9dait d\u00e9j\u00e0. Mais on aime penser que la magie de son bras droit est li\u00e9e aux deux tatouages d\u00e9di\u00e9s \u00e0 son p\u00e8re depuis son d\u00e9c\u00e8s. <\/p>\n<p class=\"c-paragraph\">Le 31 ao\u00fbt, \u00e7a fera d\u00e9j\u00e0 deux ans qu\u2019Alexander aura dit adieu \u00e0 son p\u00e8re, Matt, d\u00e9c\u00e9d\u00e9 \u00e0 56 ans d\u2019un cancer du poumon.<\/p>\n<p class=\"c-paragraph\">Ce n\u2019est pas pour rien qu\u2019Alexander est devenu \u00e9motif, jeudi dernier, au micro de TSN quand il a \u00e9t\u00e9 invit\u00e9 \u00e0 commenter la signification de la soir\u00e9e bobblehead \u00e0 son effigie. Une soir\u00e9e qui s\u2019est termin\u00e9e avec une \u00e9crasante victoire de 46-16 des Alouettes contre le Rouge et Noir d\u2019Ottawa. <\/p>\n<p class=\"c-paragraph\">\u00ab C\u2019est l\u2019une des choses les plus cool de ma carri\u00e8re. Mon fr\u00e8re et moi, on avait l\u2019habitude de forcer nos parents \u00e0 nous amener \u00e0 des matchs avec une th\u00e9matique de bobblehead. Je me suis beaucoup ennuy\u00e9 de mon p\u00e8re cette semaine. Ce fut une soir\u00e9e tr\u00e8s sp\u00e9ciale, je suis reconnaissant que ma famille ait pu se d\u00e9placer pour assister \u00e0 cette partie \u00bb, a racont\u00e9 le quart-arri\u00e8re des Alouettes. <\/p>\n<p class=\"c-paragraph\">Son p\u00e8re n\u2019y \u00e9tait pas en chair et en os, mais il \u00e9tait bien pr\u00e9sent dans le c\u0153ur et sur le bras droit d\u2019Alexander. Car oui, peu de temps apr\u00e8s la mort de son p\u00e8re, Alexander s\u2019\u00e9tait empress\u00e9 de se faire tatouer, un peu discr\u00e8tement, \u00e0 l\u2019avant-bras droit. <\/p>\n<p class=\"c-paragraph\">On n\u2019avait pas os\u00e9 lui demander les d\u00e9tails de sa signification \u00e0 ce moment. Mardi, il avait pu d\u00e9canter les \u00e9motions de la rencontre pr\u00e9c\u00e9dente donc on lui a pos\u00e9 la question et sa r\u00e9ponse \u00e9tait tr\u00e8s touchante. <\/p>\n<p class=\"c-paragraph\">\u00ab C\u2019est le dessin de son dernier battement de c\u0153ur \u00bb, a r\u00e9v\u00e9l\u00e9 Alexander qui a ajout\u00e9 une mention \u00ab 10 Strong \u00bb puisqu\u2019il porte le num\u00e9ro 10 en l\u2019honneur de son paternel. <\/p>\n<p class=\"c-paragraph\">D\u2019ailleurs, Alexander a chang\u00e9 son num\u00e9ro 3 pour le 10 quand il a su que son p\u00e8re \u00e9tait atteint d\u2019un cancer avanc\u00e9. Son p\u00e8re avait port\u00e9 le num\u00e9ro 10 lorsqu\u2019il jouait au rugby. <\/p>\n<p class=\"c-paragraph\">Il y a quelques mois, on avait remarqu\u00e9 l\u2019autre tatouage qui orne d\u00e9sormais son biceps droit. On y retrouve la reproduction d\u2019une magnifique photo d\u2019enfance d\u2019Alexander avec son p\u00e8re sur laquelle a \u00e9t\u00e9 ajout\u00e9e sa date de naissance et celle de son d\u00e9c\u00e8s. <\/p>\n<p class=\"c-paragraph\">Alexander a eu l\u2019id\u00e9e se faire tatouer ce superbe souvenir lors du premier anniversaire de la mort de son p\u00e8re. <\/p>\n<p class=\"c-paragraph\">On a demand\u00e9 au sympathique athl\u00e8te de 27 ans s\u2019il y avait une raison d\u2019avoir \u00e9galement choisi le bras droit pour cet hommage. <\/p>\n<p class=\"c-paragraph\">\u00ab Je tenais \u00e0 ce qu\u2019il soit sur le m\u00eame bras que le premier tatouage d\u00e9di\u00e9 \u00e0 mon p\u00e8re \u00bb, a-t-il expliqu\u00e9.<\/p>\n<p class=\"c-paragraph\">Si on voulait ajouter une raison, on dirait qu\u2019Alexander allait ainsi s\u2019assurer d\u2019avoir la force de son p\u00e8re dans le bras avec lequel il n\u2019a pas fini d\u2019\u00e9pater la galerie. <\/p>\n<p class=\"c-paragraph\">Avant chacun de ses matchs, Alexander avait d\u00e9velopp\u00e9 le rituel de parler avec son p\u00e8re. Depuis son d\u00e9part, Alexander se r\u00e9serve plut\u00f4t un moment pour penser \u00e0 lui. <\/p>\n<p class=\"c-paragraph\">L\u2019automne dernier, quand les Alouettes ont atteint le match de la coupe Grey, Alexander n\u2019a pas pu vivre ce moment tr\u00e8s sp\u00e9cial avec son p\u00e8re. <\/p>\n<p class=\"c-paragraph\">Alexander nous avait d\u00e9j\u00e0 racont\u00e9 que son paternel r\u00eavait de le voir soulever le troph\u00e9e embl\u00e9matique de la LCF. <\/p>\n<p class=\"c-paragraph\">Le num\u00e9ro 10 des Alouettes lui a fait la promesse de jouer avec les valeurs qui l\u2019animaient pour bien repr\u00e9senter sa famille et le nom Alexander. Quant au projet de remporter la coupe Grey, \u00e7a semble \u00e9vident qu\u2019Alexander aura \u00e9ventuellement la chance de se reprendre et peut-\u00eatre d\u00e8s 2026. <\/p>\n<p>Articles connexes<\/p>\n","protected":false},"excerpt":{"rendered":"MONTR\u00c9AL \u2013 Son bras canon, Davis Alexander le poss\u00e9dait d\u00e9j\u00e0. Mais on aime penser que la magie de&hellip;\n","protected":false},"author":2,"featured_media":279999,"comment_status":"","ping_status":"","sticky":false,"template":"","format":"standard","meta":{"footnotes":"","_share_on_mastodon":"0"},"categories":[15],"tags":[60002,2504,158,157,60003,60000,1795,113,112,60004,60001,159,1769,23,2275],"class_list":["post-279998","post","type-post","status-publish","format-standard","has-post-thumbnail","category-people","tag-alouettes-de-montreal","tag-cancer-du-poumon","tag-celebrities","tag-celebrity","tag-coupe-grey","tag-davis-alexander","tag-deces","tag-divertissement","tag-entertainment","tag-lcf","tag-matt-alexander","tag-people","tag-pere","tag-suisse","tag-tatouage"],"share_on_mastodon":{"url":"https:\/\/pubeurope.com\/@ch_fr\/117170236763589599","error":""},"_links":{"self":[{"href":"https:\/\/www.europesays.com\/ch-fr\/wp-json\/wp\/v2\/posts\/279998","targetHints":{"allow":["GET"]}}],"collection":[{"href":"https:\/\/www.europesays.com\/ch-fr\/wp-json\/wp\/v2\/posts"}],"about":[{"href":"https:\/\/www.europesays.com\/ch-fr\/wp-json\/wp\/v2\/types\/post"}],"author":[{"embeddable":true,"href":"https:\/\/www.europesays.com\/ch-fr\/wp-json\/wp\/v2\/users\/2"}],"replies":[{"embeddable":true,"href":"https:\/\/www.europesays.com\/ch-fr\/wp-json\/wp\/v2\/comments?post=279998"}],"version-history":[{"count":0,"href":"https:\/\/www.europesays.com\/ch-fr\/wp-json\/wp\/v2\/posts\/279998\/revisions"}],"wp:featuredmedia":[{"embeddable":true,"href":"https:\/\/www.europesays.com\/ch-fr\/wp-json\/wp\/v2\/media\/279999"}],"wp:attachment":[{"href":"https:\/\/www.europesays.com\/ch-fr\/wp-json\/wp\/v2\/media?parent=279998"}],"wp:term":[{"taxonomy":"category","embeddable":true,"href":"https:\/\/www.europesays.com\/ch-fr\/wp-json\/wp\/v2\/categories?post=279998"},{"taxonomy":"post_tag","embeddable":true,"href":"https:\/\/www.europesays.com\/ch-fr\/wp-json\/wp\/v2\/tags?post=279998"}],"curies":[{"name":"wp","href":"https:\/\/api.w.org\/{rel}","templated":true}]}}