{"id":280078,"date":"2026-08-28T02:25:32","date_gmt":"2026-08-28T02:25:32","guid":{"rendered":"https:\/\/www.europesays.com\/ch-fr\/280078\/"},"modified":"2026-08-28T02:25:32","modified_gmt":"2026-08-28T02:25:32","slug":"vuelta-2026-matthew-brennan-remporte-la-5e-etape-au-sprint","status":"publish","type":"post","link":"https:\/\/www.europesays.com\/ch-fr\/280078\/","title":{"rendered":"Vuelta 2026 : Matthew Brennan remporte la 5e \u00e9tape au sprint"},"content":{"rendered":"<p>Matthew Brennan a remport\u00e9 la 5e \u00e9tape du Tour d&rsquo;Espagne. L&rsquo;Anglais, victorieux pour la deuxi\u00e8me fois sur cette Vuelta, s&rsquo;est impos\u00e9 au sprint \u00e0 Roquetes au terme des 171 km du parcours.<\/p>\n<p>A nouveau impressionnant au sprint, l&rsquo;Anglais de 21 ans, qui avait d\u00e9j\u00e0 gagn\u00e9 la deuxi\u00e8me \u00e9tape dimanche \u00e0 Manosque, a \u00e9t\u00e9 bien emmen\u00e9 par ses co\u00e9quipiers de l&rsquo;\u00e9quipe Visma-Lease a bike Wout van Aert et Christophe Laporte.<\/p>\n<p>Pogacar toujours leader<\/p>\n<p>La fus\u00e9e britannique, lanc\u00e9e \u00e0 150 m\u00e8tres de la ligne d&rsquo;arriv\u00e9e, a devanc\u00e9 le puncheur belge Jordi Meeus et l&rsquo;Italien Vincenzo Albanese dans un sprint massif pour d\u00e9crocher sa neuvi\u00e8me victoire en 2026. Vainqueur pour la premi\u00e8re fois dans un Grand Tour dimanche, Brennan confirme sa mont\u00e9e en puissance dans le peloton avec deux succ\u00e8s en quatre \u00e9tapes disput\u00e9es.<\/p>\n<p>Le final de cette \u00e9tape n&rsquo;a eu aucune cons\u00e9quence au classement g\u00e9n\u00e9ral, toujours domin\u00e9 par le quintuple vainqueur du Tour de France Tadej Pogacar. Porteur du maillot rouge, l&rsquo;ogre slov\u00e8ne est \u00e9galement en t\u00eate du classement de meilleur grimpeur et de meilleur sprinteur.<\/p>\n<p class=\"sources\">agences\/lper<\/p>\n","protected":false},"excerpt":{"rendered":"Matthew Brennan a remport\u00e9 la 5e \u00e9tape du Tour d&rsquo;Espagne. L&rsquo;Anglais, victorieux pour la deuxi\u00e8me fois sur cette&hellip;\n","protected":false},"author":2,"featured_media":280079,"comment_status":"","ping_status":"","sticky":false,"template":"","format":"standard","meta":{"footnotes":"","_share_on_mastodon":"0"},"categories":[8],"tags":[15635,1469,26695,1105,42264,1107,60010,58786,60011,466,186,75,23,58788,31396,2085,60012,57529],"class_list":["post-280078","post","type-post","status-publish","format-standard","has-post-thumbnail","category-sports","tag-5e-etape","tag-anglais","tag-bora-hansgrohe","tag-cyclisme","tag-ef-education-easypost","tag-etape","tag-jordi-meeus","tag-matthew-brennan","tag-roquetes","tag-rts-sport","tag-sport","tag-sports","tag-suisse","tag-team-visma-lease-a-bike-development","tag-tour-despagne","tag-tout-le-sport","tag-vincenzo-albanese","tag-world-tour-vuelta"],"share_on_mastodon":{"url":"https:\/\/pubeurope.com\/@ch_fr\/117170767449092709","error":""},"_links":{"self":[{"href":"https:\/\/www.europesays.com\/ch-fr\/wp-json\/wp\/v2\/posts\/280078","targetHints":{"allow":["GET"]}}],"collection":[{"href":"https:\/\/www.europesays.com\/ch-fr\/wp-json\/wp\/v2\/posts"}],"about":[{"href":"https:\/\/www.europesays.com\/ch-fr\/wp-json\/wp\/v2\/types\/post"}],"author":[{"embeddable":true,"href":"https:\/\/www.europesays.com\/ch-fr\/wp-json\/wp\/v2\/users\/2"}],"replies":[{"embeddable":true,"href":"https:\/\/www.europesays.com\/ch-fr\/wp-json\/wp\/v2\/comments?post=280078"}],"version-history":[{"count":0,"href":"https:\/\/www.europesays.com\/ch-fr\/wp-json\/wp\/v2\/posts\/280078\/revisions"}],"wp:featuredmedia":[{"embeddable":true,"href":"https:\/\/www.europesays.com\/ch-fr\/wp-json\/wp\/v2\/media\/280079"}],"wp:attachment":[{"href":"https:\/\/www.europesays.com\/ch-fr\/wp-json\/wp\/v2\/media?parent=280078"}],"wp:term":[{"taxonomy":"category","embeddable":true,"href":"https:\/\/www.europesays.com\/ch-fr\/wp-json\/wp\/v2\/categories?post=280078"},{"taxonomy":"post_tag","embeddable":true,"href":"https:\/\/www.europesays.com\/ch-fr\/wp-json\/wp\/v2\/tags?post=280078"}],"curies":[{"name":"wp","href":"https:\/\/api.w.org\/{rel}","templated":true}]}}