{"id":280590,"date":"2026-08-28T11:38:25","date_gmt":"2026-08-28T11:38:25","guid":{"rendered":"https:\/\/www.europesays.com\/ch-fr\/280590\/"},"modified":"2026-08-28T11:38:25","modified_gmt":"2026-08-28T11:38:25","slug":"mondiaux-de-ski-alpin-2027-crans-montana-a-j-160","status":"publish","type":"post","link":"https:\/\/www.europesays.com\/ch-fr\/280590\/","title":{"rendered":"Mondiaux de ski alpin 2027 : Crans-Montana \u00e0 J-160"},"content":{"rendered":"<p>A 160 jours de l&rsquo;ouverture des Championnats du monde de ski alpin \u00e0 Crans-Montana (VS), les organisateurs ont \u00e9voqu\u00e9, devant les l\u00e9gendes suisses Erika Hess et Pirmin Zurbriggen, les principaux d\u00e9fis qui rythmeront les prochains mois. Quarante ans apr\u00e8s \u00ab\u00a0ses\u00a0\u00bb mythiques Mondiaux de 1987, la station valaisanne se pr\u00e9pare \u00e0 retrouver l&rsquo;\u00e9lite du ski alpin.<\/p>\n<p>Chef du comit\u00e9 d&rsquo;organisation des Mondiaux 2027 \u00e0 Crans-Montana, Didier D\u00e9fago se confie \u00e0 160 jours du d\u00e9but de la manifestation. Le champion olympique 2010 \u00e9voque le pr\u00e9sent, le pass\u00e9 et l&rsquo;avenir.<\/p>\n<p>   <img decoding=\"async\" class=\"embed-responsive-item\" loading=\"lazy\" src=\"https:\/\/www.europesays.com\/ch-fr\/wp-content\/uploads\/2026\/08\/f1d8723f-29338767.image.jpeg\" alt=\"Deux g\u00e9n\u00e9rations de skieurs suisse r\u00e9unies \u00e0 Crans-Montana\"\/>    Deux g\u00e9n\u00e9rations de skieurs suisse r\u00e9unies \u00e0 Crans-Montana \/ 12h45 \/ 24 sec. \/ mercredi \u00e0 12:45 <\/p>\n<p>\u00ab\u00a0On est dans la derni\u00e8re ligne droite, image-t-il. On doit concr\u00e9tiser les diff\u00e9rents concepts mis en place. Par chance, les 2 derni\u00e8res \u00e9ditions des \u00e9preuves de Coupe du monde nous ont permis de faire des tests grandeur nature, mais les Mondiaux c&rsquo;est un autre monde. Sans trop entrer dans les chiffres, on passe de 1000 \u00e0 8000 accr\u00e9dit\u00e9s, par exemple, et \u00e0 40 km de filets.\u00a0\u00bb<\/p>\n<p>P\u00e9renniser les \u00e9preuves de Coupe du monde<\/p>\n<p>Le nouveau stade provisoire, dont la construction doit d\u00e9marrer dans 2 semaines, pourra accueillir 10&rsquo;000 personnes. La moiti\u00e9 des places sont vendues. \u00ab\u00a0Nous sommes dans les clous, avoue le champion olympique de descente en 2012. Les gens se bougeront en d\u00e9cembre.\u00a0\u00bb<\/p>\n<p>Fort de l&rsquo;h\u00e9ritage de Crans-Montana 87, le comit\u00e9 esp\u00e8re bien amener de nouvelles \u00e9motions \u00e0 de nouvelles g\u00e9n\u00e9rations. \u00ab\u00a0Il faut respecter et appr\u00e9cier les \u00e9motions du pass\u00e9 et se r\u00e9jouir de pouvoir \u00e9crire de nouvelles histoires\u00a0\u00bb, philosophe D\u00e9fago. Car le skieur de Morgins pense \u00e0 l&rsquo;avenir, parce que les Mondiaux ne sont en aucun cas une finalit\u00e9.<\/p>\n<p>\u00ab\u00a0On pense \u00e0 2028 et au-del\u00e0, conclut-il. On veut \u00eatre au calendrier de la Coupe du monde de fa\u00e7on p\u00e9renne. Les partenaires sont tous d&rsquo;accord, mais on doit encore finaliser deux-trois choses. Avec la perspective des JO en 2038, on veut que les jeunes se disent qu&rsquo;ils vont pouvoir peut-\u00eatre participer \u00e0 un tel \u00e9v\u00e9nement en Suisse.\u00a0\u00bb<\/p>\n<p>&gt;&gt; A lire aussi\u00a0: <a href=\"https:\/\/www.rts.ch\/entreprise\/espace-pro\/communiques-de-presse\/2026\/communique-de-presse\/une-nouvelle-equipe-de-la-rts-pour-une-saison-de-ski-alpin-historique-29337444.html\" data-item-id=\"richtext_link\" rel=\"nofollow noopener\" target=\"_blank\">Une nouvelle \u00e9quipe de la RTS pour une saison de ski alpin historique<\/a><\/p>\n<p class=\"sources\">ats\/bao<\/p>\n","protected":false},"excerpt":{"rendered":"A 160 jours de l&rsquo;ouverture des Championnats du monde de ski alpin \u00e0 Crans-Montana (VS), les organisateurs ont&hellip;\n","protected":false},"author":2,"featured_media":280591,"comment_status":"","ping_status":"","sticky":false,"template":"","format":"standard","meta":{"footnotes":"","_share_on_mastodon":"0"},"categories":[8],"tags":[11092,6739,340,60129,60130,5651,60131,715,34,1032,186,75,23],"class_list":["post-280590","post","type-post","status-publish","format-standard","has-post-thumbnail","category-sports","tag-championnat","tag-championnat-du-monde","tag-crans-montana","tag-didier-defago","tag-erika-hess","tag-legende","tag-pirmin-zurbriggen","tag-radio-television-suisse","tag-ski","tag-ski-alpin","tag-sport","tag-sports","tag-suisse"],"share_on_mastodon":{"url":"https:\/\/pubeurope.com\/@ch_fr\/117172942397535072","error":""},"_links":{"self":[{"href":"https:\/\/www.europesays.com\/ch-fr\/wp-json\/wp\/v2\/posts\/280590","targetHints":{"allow":["GET"]}}],"collection":[{"href":"https:\/\/www.europesays.com\/ch-fr\/wp-json\/wp\/v2\/posts"}],"about":[{"href":"https:\/\/www.europesays.com\/ch-fr\/wp-json\/wp\/v2\/types\/post"}],"author":[{"embeddable":true,"href":"https:\/\/www.europesays.com\/ch-fr\/wp-json\/wp\/v2\/users\/2"}],"replies":[{"embeddable":true,"href":"https:\/\/www.europesays.com\/ch-fr\/wp-json\/wp\/v2\/comments?post=280590"}],"version-history":[{"count":0,"href":"https:\/\/www.europesays.com\/ch-fr\/wp-json\/wp\/v2\/posts\/280590\/revisions"}],"wp:featuredmedia":[{"embeddable":true,"href":"https:\/\/www.europesays.com\/ch-fr\/wp-json\/wp\/v2\/media\/280591"}],"wp:attachment":[{"href":"https:\/\/www.europesays.com\/ch-fr\/wp-json\/wp\/v2\/media?parent=280590"}],"wp:term":[{"taxonomy":"category","embeddable":true,"href":"https:\/\/www.europesays.com\/ch-fr\/wp-json\/wp\/v2\/categories?post=280590"},{"taxonomy":"post_tag","embeddable":true,"href":"https:\/\/www.europesays.com\/ch-fr\/wp-json\/wp\/v2\/tags?post=280590"}],"curies":[{"name":"wp","href":"https:\/\/api.w.org\/{rel}","templated":true}]}}