{"id":280626,"date":"2026-08-28T11:57:10","date_gmt":"2026-08-28T11:57:10","guid":{"rendered":"https:\/\/www.europesays.com\/ch-fr\/280626\/"},"modified":"2026-08-28T11:57:10","modified_gmt":"2026-08-28T11:57:10","slug":"leman-la-pollution-aux-microplastiques-656-fois-plus-elevee","status":"publish","type":"post","link":"https:\/\/www.europesays.com\/ch-fr\/280626\/","title":{"rendered":"L\u00e9man : la pollution aux microplastiques 656 fois plus \u00e9lev\u00e9e"},"content":{"rendered":"<p>Une nouvelle m\u00e9thode de d\u00e9tection r\u00e9v\u00e8le une pollution jusqu&rsquo;\u00e0 656 fois sup\u00e9rieure aux estimations pr\u00e9c\u00e9dentes dans le L\u00e9man. Des chercheurs et chercheuses de l&rsquo;Universit\u00e9 de Lausanne ont d\u00e9velopp\u00e9 une technique capable de mesurer les microplastiques ultra-petits, invisibles aux m\u00e9thodes traditionnelles.<\/p>\n<p>Une \u00e9quipe de l&rsquo;Universit\u00e9 de Lausanne et de l&rsquo;EPFL a mis au point une technique r\u00e9volutionnaire pour d\u00e9tecter les microplastiques les plus petits dans le L\u00e9man. <a href=\"https:\/\/www.nature.com\/articles\/s41545-026-00612-4\" class=\"inline-link\" data-item-id=\"richtext_link\" data-rts-ece-id=\"1e468d6a-9b72-3afc-945e-38f2abca3996\" target=\"_blank\" rel=\"noopener nofollow\">Les r\u00e9sultats, publi\u00e9s dans la revue NPJ Clean Water, sont alarmants<\/a>. La concentration de ces minuscules particules de plastique est en r\u00e9alit\u00e9 jusqu&rsquo;\u00e0 656 fois plus \u00e9lev\u00e9e que ce que l&rsquo;on estimait jusqu&rsquo;\u00e0 pr\u00e9sent.<\/p>\n<p>Cette diff\u00e9rence s&rsquo;explique par un biais m\u00e9thodologique. Les m\u00e9thodes traditionnelles, comme les filets de surface, laissaient totalement \u00e9chapper les particules de moins de 100 microm\u00e8tres, soit le diam\u00e8tre d&rsquo;un cheveu \u00e9pais. Gr\u00e2ce \u00e0 cette nouvelle technique, les scientifiques ont d\u00e9couvert que ces fragments ultra-petits repr\u00e9sentent jusqu&rsquo;\u00e0 97% de la pollution plastique globale du lac.<\/p>\n<p> &gt;&gt; Les explications de l&rsquo;\u00e9mission CQFD\u00a0:    La grande pollution des microplastiques dans le lac L\u00e9man \/ CQFD \/ 10 min. \/ mercredi \u00e0 10:08 Une pollution invisible mais dangereuse<\/p>\n<p>\u00ab\u00a0Les tout petits microplastiques, m\u00eame nano-plastiques encore plus petits que ce que j&rsquo;ai mesur\u00e9, peuvent rentrer dans les cellules humaines et donc peuvent avoir un effet sur notre sant\u00e9\u00a0\u00bb, explique Christel Hassler, chercheuse \u00e0 l&rsquo;Universit\u00e9 de Lausanne et \u00e0 l&rsquo;EPFL et autrice principale de cette \u00e9tude, au micro de CQFD.<\/p>\n<p>Pour attraper ces particules invisibles \u00e0 l&rsquo;\u0153il nu, l&rsquo;\u00e9quipe a d\u00fb repenser enti\u00e8rement sa m\u00e9thode. Elle a \u00e9chantillonn\u00e9 l&rsquo;eau avec un seau en m\u00e9tal et une corde en sisal, sans mati\u00e8re plastique, puis a filtr\u00e9. L&rsquo;\u00e9quipe a utilis\u00e9 les plateformes de la CGN et la plateforme L\u00e9XPLORE au large de Pully, une sentinelle pour la recherche, pour pr\u00e9lever des \u00e9chantillons \u00e0 diff\u00e9rentes profondeurs, de 0 \u00e0 100 m\u00e8tres.<\/p>\n<p>L&rsquo;identification des microplastiques a n\u00e9cessit\u00e9 l&rsquo;utilisation de l&rsquo;intelligence artificielle. Deux algorithmes travaillent de concert: l&rsquo;un identifie le type de microplastiques pr\u00e9sent, l&rsquo;autre diff\u00e9rencie les particules naturelles des microplastiques. Ce second algorithme a \u00e9t\u00e9 entra\u00een\u00e9 sur des millions de particules collect\u00e9es dans le L\u00e9man et le Rh\u00f4ne \u00e0 diff\u00e9rentes saisons.<\/p>\n<p>Des mesures \u00e0 la source n\u00e9cessaires<\/p>\n<p>Les tests \u00e9cotoxicologiques r\u00e9alis\u00e9s montrent que les concentrations mesur\u00e9es se situent au seuil de ce qui pourrait \u00eatre potentiellement probl\u00e9matique pour les organismes aquatiques mais il faudrait davantage de recherches pour mieux d\u00e9finir la dangerosit\u00e9 du ph\u00e9nom\u00e8ne.<\/p>\n<p>Les stations d&rsquo;\u00e9puration suisses filtrent 99% des microplastiques et les boues sont br\u00fbl\u00e9es, d\u00e9truisant le plastique. Mais cela ne r\u00e8gle qu&rsquo;un tiers du probl\u00e8me. Les deux tiers restants proviennent de pollutions diffuses: usure des pneus, textiles synth\u00e9tiques lav\u00e9s, eaux de ruissellement qui finissent dans la nature sans passer par les stations.<\/p>\n<p>\u00ab\u00a0L&rsquo;Europe cible tous les maillons de la cha\u00eene. L&rsquo;interdiction de rajouter intentionnellement des microplastiques dans les produits, c&rsquo;est quelque chose que la Suisse s&rsquo;est engag\u00e9e \u00e0 faire en d\u00e9cembre l&rsquo;ann\u00e9e pass\u00e9e\u00a0\u00bb, pr\u00e9cise Christel Hassler.<\/p>\n<p class=\"sources\">Sujet radio: Huma Khamis<\/p>\n<p class=\"credit\">Adaptation web: Laure Pagella<\/p>\n","protected":false},"excerpt":{"rendered":"Une nouvelle m\u00e9thode de d\u00e9tection r\u00e9v\u00e8le une pollution jusqu&rsquo;\u00e0 656 fois sup\u00e9rieure aux estimations pr\u00e9c\u00e9dentes dans le L\u00e9man.&hellip;\n","protected":false},"author":2,"featured_media":280627,"comment_status":"","ping_status":"","sticky":false,"template":"","format":"standard","meta":{"footnotes":"","_share_on_mastodon":"0"},"categories":[7],"tags":[1065,1324,355,323,8854,12885,4450,2662,422,61,57,296,59,58,23,1703,807,60,62,1473,8883],"class_list":["post-280626","post","type-post","status-publish","format-standard","has-post-thumbnail","category-sciences-et-technologies","tag-chercheur","tag-durabilite","tag-environnement","tag-intelligence-artificielle","tag-lac-leman","tag-matiere-plastique","tag-particule-q162127375","tag-pollution","tag-pollution-de-lenvironnement","tag-science","tag-science-and-technology","tag-science-et-technologie","tag-sciences","tag-sciences-et-technologies","tag-suisse","tag-technologie-de-linformation-et-informatique","tag-technologie-et-ingenierie","tag-technologies","tag-technology","tag-tradition","tag-universite-de-lausanne"],"share_on_mastodon":{"url":"https:\/\/pubeurope.com\/@ch_fr\/117173016577891816","error":""},"_links":{"self":[{"href":"https:\/\/www.europesays.com\/ch-fr\/wp-json\/wp\/v2\/posts\/280626","targetHints":{"allow":["GET"]}}],"collection":[{"href":"https:\/\/www.europesays.com\/ch-fr\/wp-json\/wp\/v2\/posts"}],"about":[{"href":"https:\/\/www.europesays.com\/ch-fr\/wp-json\/wp\/v2\/types\/post"}],"author":[{"embeddable":true,"href":"https:\/\/www.europesays.com\/ch-fr\/wp-json\/wp\/v2\/users\/2"}],"replies":[{"embeddable":true,"href":"https:\/\/www.europesays.com\/ch-fr\/wp-json\/wp\/v2\/comments?post=280626"}],"version-history":[{"count":0,"href":"https:\/\/www.europesays.com\/ch-fr\/wp-json\/wp\/v2\/posts\/280626\/revisions"}],"wp:featuredmedia":[{"embeddable":true,"href":"https:\/\/www.europesays.com\/ch-fr\/wp-json\/wp\/v2\/media\/280627"}],"wp:attachment":[{"href":"https:\/\/www.europesays.com\/ch-fr\/wp-json\/wp\/v2\/media?parent=280626"}],"wp:term":[{"taxonomy":"category","embeddable":true,"href":"https:\/\/www.europesays.com\/ch-fr\/wp-json\/wp\/v2\/categories?post=280626"},{"taxonomy":"post_tag","embeddable":true,"href":"https:\/\/www.europesays.com\/ch-fr\/wp-json\/wp\/v2\/tags?post=280626"}],"curies":[{"name":"wp","href":"https:\/\/api.w.org\/{rel}","templated":true}]}}