{"id":280672,"date":"2026-08-28T12:21:07","date_gmt":"2026-08-28T12:21:07","guid":{"rendered":"https:\/\/www.europesays.com\/ch-fr\/280672\/"},"modified":"2026-08-28T12:21:07","modified_gmt":"2026-08-28T12:21:07","slug":"le-documentaire-le-geant-vert-rend-hommage-a-daniel-brelaz","status":"publish","type":"post","link":"https:\/\/www.europesays.com\/ch-fr\/280672\/","title":{"rendered":"Le documentaire \u00ab\u00a0Le g\u00e9ant vert\u00a0\u00bb rend hommage \u00e0 Daniel Br\u00e9laz"},"content":{"rendered":"<p>Le r\u00e9alisateur et journaliste Philippe Nicolet sort un documentaire consacr\u00e9 \u00e0 Daniel Br\u00e9laz, ancien syndic de Lausanne, municipal et conseiller national \u00e9cologiste, d\u00e9c\u00e9d\u00e9 fin 2025. Film hommage, &lsquo;Le g\u00e9ant vert&rsquo; sera pr\u00e9sent\u00e9 publiquement le 7 septembre au Casino de Montbenon \u00e0 Lausanne.<\/p>\n<p>Avec ses c\u00e9l\u00e8bres cravates orn\u00e9es de chats, sa m\u00e9moire ph\u00e9nom\u00e9nale, sa connaissance parfaite des dossiers et une capacit\u00e9 de travail qui impressionnait jusqu&rsquo;\u00e0 ses adversaires, le politicien lausannois Daniel Br\u00e9laz restera surtout dans l&rsquo;histoire comme le premier \u00e9cologiste au monde \u00e0 avoir \u00e9t\u00e9 \u00e9lu dans un parlement national.<\/p>\n<p>Nous sommes en 1979 et Daniel Br\u00e9laz a moins de 30 ans. Il conserve ce mandat jusqu&rsquo;en 1989, lorsqu&rsquo;il entre \u00e0 l&rsquo;ex\u00e9cutif de Lausanne. Elu syndic en 2001, il dirigera la capitale vaudoise pendant quinze ans avant de revenir au Conseil national entre 2015 et 2022.<\/p>\n<p>Mettre l&rsquo;\u00e9cologie dans le d\u00e9bat public<\/p>\n<p>D\u00e9c\u00e9d\u00e9e le 28 d\u00e9cembre 2025, cette figure embl\u00e9matique de la politique suisse romande est au coeur du documentaire &lsquo;Le g\u00e9ant vert&rsquo; r\u00e9alis\u00e9 par Philippe Nicolet. Le cin\u00e9aste et journaliste vaudois a suivi, cam\u00e9ra \u00e0 la main, durant pr\u00e8s de cinquante ans, la carri\u00e8re de celui qui a mis dans le d\u00e9bat public, d\u00e8s la fin des ann\u00e9es 1970, des pr\u00e9occupations environnementales qui semblaient alors futuristes.<\/p>\n<p>\u00ab\u00a0Il parlait d&rsquo;avenir, il parlait de choses qui, \u00e0 l&rsquo;\u00e9poque, paraissaient tr\u00e8s peu probables. Il parlait de panneaux solaires. Et je me rappelle les ricanements qu&rsquo;il y avait autour de \u00e7a\u00a0\u00bb, raconte dans le 12h30 du 18 ao\u00fbt le r\u00e9alisateur Philippe Nicolet.<\/p>\n<p>Un personnage sans filtre<\/p>\n<p>Au-del\u00e0 du politicien, le documentaire, r\u00e9alis\u00e9 \u00e0 partir d&rsquo;une cinquantaine d&rsquo;heures de tournage, r\u00e9v\u00e8le un homme aux multiples facettes. Personnalit\u00e9 atypique, Daniel Br\u00e9laz ne laissait pas indiff\u00e9rent. Ses partisans saluaient sa vision \u00e0 long terme et son ind\u00e9pendance d&rsquo;esprit, tandis que ses d\u00e9tracteurs lui reprochaient sa mani\u00e8re de dire les choses sans m\u00e9nagement. \u00ab\u00a0C&rsquo;\u00e9tait un personnage totalement authentique. Il n&rsquo;avait pas de filtre. C&rsquo;est-\u00e0-dire qu&rsquo;il pouvait d\u00e9molir quelqu&rsquo;un par une phrase, mais sans m\u00e9chancet\u00e9.\u00a0C&rsquo;\u00e9tait son style\u00a0\u00bb,\u00a0estime le r\u00e9alisateur.<\/p>\n<p>Interrog\u00e9 sur le secret de la long\u00e9vit\u00e9 politique exceptionnelle du politicien, Philippe Nicolet cite les propres mots de Daniel Br\u00e9laz: \u00ab\u00a0Il le dit lui-m\u00eame \u00e0 un moment donn\u00e9 [dans le documentaire]: &lsquo;L&rsquo;humour me sauve. Si je n&rsquo;avais pas l&rsquo;autod\u00e9rision et puis l&rsquo;envie de rire, je crois que je ne me taperai pas septante heures de boulot par semaine&rsquo;.\u00a0\u00bb<\/p>\n<p>Quant \u00e0 l&rsquo;h\u00e9ritage de Daniel Br\u00e9laz, le r\u00e9alisateur est clair: \u00ab\u00a0Il laisse essentiellement une prise de conscience de l&rsquo;environnement. En ce sens, il \u00e9tait pr\u00e9curseur. Il montrait que les ressources allaient \u00eatre limit\u00e9es\u00a0\u00bb.<\/p>\n<p class=\"sources\">Propos recueillis par Blandine Levite<\/p>\n<p class=\"credit\">Adaptation web: Andr\u00e9anne Quartier-la-Tente<\/p>\n<p class=\"article-footnote\">&lsquo;Daniel Br\u00e9laz. Le g\u00e9ant vert&rsquo; de Philippe Nicolet. Le film est projet\u00e9 le 7 septembre au Casino de Montbenon \u00e0 Lausanne (<a href=\"https:\/\/www.lausanne.ch\/apps\/webforms\/bcom\/film-geant-vert\/index.php\" class=\"inline-link\" title=\"Le g\u00e9ant vert\" data-item-id=\"richtext_link\" data-rts-ece-id=\"947f84cd-4c7e-3190-aae4-a50327cf5d5d\" target=\"_blank\" rel=\"noopener nofollow\">sur inscription<\/a>), puis diffus\u00e9 sur La T\u00e9l\u00e9 le 12 septembre 2026.<\/p>\n","protected":false},"excerpt":{"rendered":"Le r\u00e9alisateur et journaliste Philippe Nicolet sort un documentaire consacr\u00e9 \u00e0 Daniel Br\u00e9laz, ancien syndic de Lausanne, municipal&hellip;\n","protected":false},"author":2,"featured_media":280673,"comment_status":"","ping_status":"","sticky":false,"template":"","format":"standard","meta":{"footnotes":"","_share_on_mastodon":"0"},"categories":[19],"tags":[380,384,60143,2020,31046,355,139,2850,1328,2105,177,27043,60144,92,391,23,2882],"class_list":["post-280672","post","type-post","status-publish","format-standard","has-post-thumbnail","category-lausanne","tag-arts-et-divertissement","tag-cinema","tag-daniel-brelaz","tag-ecologie","tag-ecologiste","tag-environnement","tag-film","tag-film-documentaire","tag-hommage","tag-journaliste","tag-lausanne","tag-personnalite-politique","tag-philippe-nicolet","tag-politique","tag-realisateur","tag-suisse","tag-syndic"],"share_on_mastodon":{"url":"https:\/\/pubeurope.com\/@ch_fr\/117173111081405689","error":""},"_links":{"self":[{"href":"https:\/\/www.europesays.com\/ch-fr\/wp-json\/wp\/v2\/posts\/280672","targetHints":{"allow":["GET"]}}],"collection":[{"href":"https:\/\/www.europesays.com\/ch-fr\/wp-json\/wp\/v2\/posts"}],"about":[{"href":"https:\/\/www.europesays.com\/ch-fr\/wp-json\/wp\/v2\/types\/post"}],"author":[{"embeddable":true,"href":"https:\/\/www.europesays.com\/ch-fr\/wp-json\/wp\/v2\/users\/2"}],"replies":[{"embeddable":true,"href":"https:\/\/www.europesays.com\/ch-fr\/wp-json\/wp\/v2\/comments?post=280672"}],"version-history":[{"count":0,"href":"https:\/\/www.europesays.com\/ch-fr\/wp-json\/wp\/v2\/posts\/280672\/revisions"}],"wp:featuredmedia":[{"embeddable":true,"href":"https:\/\/www.europesays.com\/ch-fr\/wp-json\/wp\/v2\/media\/280673"}],"wp:attachment":[{"href":"https:\/\/www.europesays.com\/ch-fr\/wp-json\/wp\/v2\/media?parent=280672"}],"wp:term":[{"taxonomy":"category","embeddable":true,"href":"https:\/\/www.europesays.com\/ch-fr\/wp-json\/wp\/v2\/categories?post=280672"},{"taxonomy":"post_tag","embeddable":true,"href":"https:\/\/www.europesays.com\/ch-fr\/wp-json\/wp\/v2\/tags?post=280672"}],"curies":[{"name":"wp","href":"https:\/\/api.w.org\/{rel}","templated":true}]}}