{"id":280906,"date":"2026-08-28T14:58:11","date_gmt":"2026-08-28T14:58:11","guid":{"rendered":"https:\/\/www.europesays.com\/ch-fr\/280906\/"},"modified":"2026-08-28T14:58:11","modified_gmt":"2026-08-28T14:58:11","slug":"pendant-ce-temps-kate-middleton-et-le-prince-william-preparent-discretement-la-rentree-avec-un-grand-changement-pour-le-prince-george","status":"publish","type":"post","link":"https:\/\/www.europesays.com\/ch-fr\/280906\/","title":{"rendered":"Pendant ce temps, Kate Middleton et le prince William pr\u00e9parent discr\u00e8tement la rentr\u00e9e, avec un grand changement pour le prince George"},"content":{"rendered":"<p>                                    <img decoding=\"async\" src=\"https:\/\/www.europesays.com\/ch-fr\/wp-content\/uploads\/2026\/08\/1b9aa58a90c99d041836f16a152fc601628546db85e16e0bfb843445dba340ef.jpg\" alt=\"Kate Middleton et le prince William distinguent leurs fid\u00e8les \u00e0 Windsor\" class=\"a11y-hidden\" fetchpriority=\"high\"\/><\/p>\n<p>\n    Apr\u00e8s plusieurs semaines pass\u00e9es en famille \u00e0 Balmoral, le prince et la princesse de Galles ont retrouv\u00e9 le domaine de Windsor. Dans quelques jours, leurs trois enfants reprendront le chemin de l\u2019\u00e9cole, mais cette rentr\u00e9e sera surtout marqu\u00e9e par un changement de taille pour l\u2019a\u00een\u00e9 de la fratrie.<\/p>\n<p class=\"fig-paragraph\">Les vacances touchent \u00e0 leur fin pour\u00a0<a href=\"https:\/\/madame.lefigaro.fr\/tag\/kate-middleton\" data-fig-type=\"Keyword\" data-gtm-custom-categorie=\"navigation\" data-gtm-custom-action=\"crossclick\" data-gtm-custom-label=\"Contextuel\" data-gtm-event=\"customEventSPE\" data-fig-domain=\"MADAME\" rel=\"nofollow noopener\" target=\"_blank\">Kate Middleton<\/a>\u00a0et le\u00a0<a href=\"https:\/\/madame.lefigaro.fr\/tag\/prince-william\" data-fig-type=\"Keyword\" data-gtm-custom-categorie=\"navigation\" data-gtm-custom-action=\"crossclick\" data-gtm-custom-label=\"Contextuel\" data-gtm-event=\"customEventSPE\" data-fig-domain=\"MADAME\" rel=\"nofollow noopener\" target=\"_blank\">prince William<\/a>. Apr\u00e8s avoir profit\u00e9 de quelques semaines \u00e0 Balmoral, sa r\u00e9sidence \u00e9cossaise, le couple a quitt\u00e9 les Highlands avec ses trois enfants\u00a0:\u00a0<a href=\"https:\/\/madame.lefigaro.fr\/tag\/george-de-cambridge\" data-fig-type=\"Keyword\" data-gtm-custom-categorie=\"navigation\" data-gtm-custom-action=\"crossclick\" data-gtm-custom-label=\"Contextuel\" data-gtm-event=\"customEventSPE\" data-fig-domain=\"MADAME\" rel=\"nofollow noopener\" target=\"_blank\">George (13 ans)<\/a>,\u00a0<a href=\"https:\/\/madame.lefigaro.fr\/tag\/charlotte-de-cambridge\" data-fig-type=\"Keyword\" data-gtm-custom-categorie=\"navigation\" data-gtm-custom-action=\"crossclick\" data-gtm-custom-label=\"Contextuel\" data-gtm-event=\"customEventSPE\" data-fig-domain=\"MADAME\" rel=\"nofollow noopener\" target=\"_blank\">Charlotte (11 ans)<\/a>\u00a0et\u00a0<a href=\"https:\/\/madame.lefigaro.fr\/tag\/louis-de-cambridge\" data-fig-type=\"Keyword\" data-gtm-custom-categorie=\"navigation\" data-gtm-custom-action=\"crossclick\" data-gtm-custom-label=\"Contextuel\" data-gtm-event=\"customEventSPE\" data-fig-domain=\"MADAME\" rel=\"nofollow noopener\" target=\"_blank\">Louis (8 ans)<\/a>\u00a0pour retrouver son quotidien dans le Berkshire. Leur retour \u00e0 Windsor intervient alors que\u00a0<a href=\"http:\/\/madame.lefigaro.fr\/celebrites\/actu-people\/harry-et-meghan-de-retour-au-royaume-uni-ce-voyage-en-jet-prive-qui-fait-deja-grincer-des-dents-20260827\" data-fig-type=\"Article\" data-gtm-custom-categorie=\"navigation\" data-gtm-custom-action=\"crossclick\" data-gtm-custom-label=\"Contextuel\" data-gtm-event=\"customEventSPE\" data-fig-domain=\"MADAME\" rel=\"nofollow noopener\" target=\"_blank\">le prince Harry et Meghan Markle ont eux aussi regagn\u00e9 le Royaume-Uni, o\u00f9 ils doivent d\u00e9sormais s\u2019installer avec Archie (7 ans) et Lilibet (5ans).<\/a>\u00a0Car cette rentr\u00e9e ne sera pas tout \u00e0 fait comme les autres chez les Galles. Pour Charlotte et Louis, pas de grand bouleversement en vue\u00a0: les deux enfants retrouveront leurs camarades \u00e0\u00a0<a href=\"http:\/\/madame.lefigaro.fr\/celebrites\/actu-people\/tout-ce-qu-il-faut-savoir-sur-la-lambrook-school-l-ecole-qu-integreront-george-charlotte-et-louis-de-cambridge-a-la-rentree-20220804\" data-fig-type=\"Article\" data-gtm-custom-categorie=\"navigation\" data-gtm-custom-action=\"crossclick\" data-gtm-custom-label=\"Contextuel\" data-gtm-event=\"customEventSPE\" data-fig-domain=\"MADAME\" rel=\"nofollow noopener\" target=\"_blank\">Lambrook School<\/a>. En revanche, pour leur fr\u00e8re a\u00een\u00e9, le mois de septembre s\u2019annonce bien diff\u00e9rent. Le prince George s\u2019appr\u00eate \u00e0 quitter l\u2019\u00e9tablissement qu\u2019il fr\u00e9quentait avec sa s\u0153ur et son fr\u00e8re pour rejoindre\u00a0<a href=\"http:\/\/madame.lefigaro.fr\/royaute\/derriere-les-grilles-d-eton-le-prestigieux-college-des-rois-qui-s-apprete-a-accueillir-le-prince-george-20260621\" data-fig-type=\"Article\" data-gtm-custom-categorie=\"navigation\" data-gtm-custom-action=\"crossclick\" data-gtm-custom-label=\"Contextuel\" data-gtm-event=\"customEventSPE\" data-fig-domain=\"MADAME\" rel=\"nofollow noopener\" target=\"_blank\">Eton College<\/a>.<\/p>\n<p class=\"fig-body-link&#10;    \">\n            \u00c0 lire aussi<br \/>\n        <a class=\"fig-body-link__link\" href=\"http:\/\/madame.lefigaro.fr\/royaute\/derriere-les-grilles-d-eton-le-prestigieux-college-des-rois-qui-s-apprete-a-accueillir-le-prince-george-20260621\" data-fig-type=\"Article\" data-gtm-custom-categorie=\"navigation\" data-gtm-custom-action=\"crossclick\" data-gtm-custom-label=\"Contextuel\" data-gtm-event=\"customEventSPE\" data-fig-domain=\"MADAME\" rel=\"nofollow noopener\" target=\"_blank\"><br \/>\n        Derri\u00e8re les grilles d\u2019Eton, le prestigieux coll\u00e8ge des rois qui s\u2019appr\u00eate \u00e0 accueillir le prince George<\/a>\n<\/p>\n<p>                                                Dans les pas de son p\u00e8re<\/p>\n<p>    Le c\u00e9l\u00e8bre coll\u00e8ge-lyc\u00e9e d\u2019Eton, \u00e0 Windsor, dans le Berkshire, photographi\u00e9 le 27 mars 2026.<br \/>\n                Alamy\/ABACA<\/p>\n<p class=\"fig-paragraph\">La nouvelle avait \u00e9t\u00e9 confirm\u00e9e par Kensington Palace au mois de juin. \u00abLe palais de Kensington peut confirmer que le prince George fr\u00e9quentera Eton College \u00e0 partir de septembre\u00bb, avait alors communiqu\u00e9 le bureau de William et Kate officiel dans un communiqu\u00e9 officiel. Un choix qui n\u2019a pas manqu\u00e9 de faire parler, puisqu\u2019il conduit le futur roi \u00e0 rejoindre\u00a0<a href=\"http:\/\/madame.lefigaro.fr\/celebrites\/actu-people\/en-photos-le-prince-george-9-ans-visite-deja-eton-college-accompagne-de-ses-parents-20230623\" data-fig-type=\"Article\" data-gtm-custom-categorie=\"navigation\" data-gtm-custom-action=\"crossclick\" data-gtm-custom-label=\"Contextuel\" data-gtm-event=\"customEventSPE\" data-fig-domain=\"MADAME\" rel=\"nofollow noopener\" target=\"_blank\">l\u2019\u00e9tablissement o\u00f9 son p\u00e8re, le prince William, a \u00e9tudi\u00e9 dans les ann\u00e9es 1990. Son oncle, le prince Harry, y avait \u00e9galement \u00e9t\u00e9 scolaris\u00e9.<\/a>\u00a0Mais derri\u00e8re le prestige d\u2019Eton, le choix semble aussi avoir \u00e9t\u00e9 guid\u00e9 par une volont\u00e9 de pr\u00e9server une certaine proximit\u00e9 avec la famille. L\u2019\u00e9tablissement se trouve \u00e0 quelques kilom\u00e8tres seulement de Windsor, o\u00f9 Kate et William r\u00e9sident d\u00e9sormais avec leurs trois enfants.<\/p>\n<p class=\"fig-quote__text\">On peut voir Eton College depuis le ch\u00e2teau de Windsor. Ce serait donc formidable que George puisse rentrer \u00e0 la maison de temps en temps<\/p>\n<p>            Melanie Sanderson, r\u00e9dactrice en chef de The Good Schools\u2019 Guide<\/p>\n<p>                                                <a class=\"fig-a11y-skip\" href=\"#fig-a11y-skip-main-inarticle\" is=\"fig-a11y-skip\" data-trigger-mode=\"visible-once\"><br \/>\n    Passer la publicit\u00e9<br \/>\n<\/a>            <\/p>\n<p class=\"fig-paragraph\">Dans le podcast\u00a0<a href=\"https:\/\/podcasts.apple.com\/us\/podcast\/which-school-will-the-prince-princess-of-wales\/id1660605216?i=1000757500225&amp;l=fr-FR\" target=\"_blank\" rel=\"nofollow noopener\" data-gtm-custom-categorie=\"navigation\" data-gtm-custom-action=\"crossclick\" data-gtm-custom-label=\"Contextuel\" data-gtm-event=\"customEventSPE\">A Right Royal<\/a> \u00a0de\u00a0<a href=\"https:\/\/www.hellomagazine.com\/royalty\/906058\/prince-george-future-school-finally-confirmed-prince-william-kate-middleton\/\" target=\"_blank\" rel=\"nofollow noopener\" data-gtm-custom-categorie=\"navigation\" data-gtm-custom-action=\"crossclick\" data-gtm-custom-label=\"Contextuel\" data-gtm-event=\"customEventSPE\">HELLO!<\/a>, Melanie Sanderson expliquait \u00e9galement que les \u00e9l\u00e8ves disposent aujourd\u2019hui d\u2019une certaine libert\u00e9 le week-end, ce qui permettrait au jeune prince de retrouver r\u00e9guli\u00e8rement sa famille, notamment pour d\u00e9jeuner le dimanche ou prendre le th\u00e9 apr\u00e8s une comp\u00e9tition sportive. De quoi permettre \u00e0 George de d\u00e9couvrir son nouvel environnement sans \u00eatre compl\u00e8tement coup\u00e9 de son quotidien familial. Jusqu\u2019ici, le jeune prince avait toujours partag\u00e9 sa scolarit\u00e9 avec Charlotte et Louis \u00e0 Lambrook School. \u00c0 partir de septembre, leurs chemins scolaires vont donc se s\u00e9parer.<\/p>\n<p>                                                Une nouvelle organisation pour la famille<\/p>\n<p class=\"fig-paragraph\">Cette rentr\u00e9e marque donc un petit tournant dans la vie quotidienne des Galles. George d\u00e9couvrira un nouvel \u00e9tablissement tandis que Charlotte et Louis poursuivront leur scolarit\u00e9 \u00e0 Lambrook. Pour Kate et William, il faudra \u00e9galement composer avec ces emplois du temps diff\u00e9rents, alors que leurs obligations royales reprendront progressivement apr\u00e8s la pause estivale. Le retour \u00e0 Windsor intervient d\u2019ailleurs apr\u00e8s plusieurs semaines discr\u00e8tes \u00e0\u00a0<a href=\"http:\/\/madame.lefigaro.fr\/celebrites\/actu-people\/la-vie-est-trop-courte-charles-iii-souhaiterait-inviter-le-prince-harry-et-meghan-markle-a-balmoral-cet-ete-20240415\" data-fig-type=\"Article\" data-gtm-custom-categorie=\"navigation\" data-gtm-custom-action=\"crossclick\" data-gtm-custom-label=\"Contextuel\" data-gtm-event=\"customEventSPE\" data-fig-domain=\"MADAME\" rel=\"nofollow noopener\" target=\"_blank\">Balmoral<\/a>. N\u00e9anmoins, la famille aura profit\u00e9 jusqu\u2019au bout de son s\u00e9jour \u00e9cossais, avant de retrouver le rythme soutenu de la rentr\u00e9e.<\/p>\n","protected":false},"excerpt":{"rendered":"Apr\u00e8s plusieurs semaines pass\u00e9es en famille \u00e0 Balmoral, le prince et la princesse de Galles ont retrouv\u00e9 le&hellip;\n","protected":false},"author":2,"featured_media":280907,"comment_status":"","ping_status":"","sticky":false,"template":"","format":"standard","meta":{"footnotes":"","_share_on_mastodon":"0"},"categories":[15],"tags":[158,157,21651,113,112,21650,2227,21652,159,2228,2102,4122,23],"class_list":["post-280906","post","type-post","status-publish","format-standard","has-post-thumbnail","category-people","tag-celebrities","tag-celebrity","tag-charlotte-de-cambridge","tag-divertissement","tag-entertainment","tag-george-de-cambridge","tag-kate-middleton","tag-louis-de-cambridge","tag-people","tag-prince-william","tag-royaume-uni","tag-royaute","tag-suisse"],"share_on_mastodon":{"url":"https:\/\/pubeurope.com\/@ch_fr\/117173729196206650","error":""},"_links":{"self":[{"href":"https:\/\/www.europesays.com\/ch-fr\/wp-json\/wp\/v2\/posts\/280906","targetHints":{"allow":["GET"]}}],"collection":[{"href":"https:\/\/www.europesays.com\/ch-fr\/wp-json\/wp\/v2\/posts"}],"about":[{"href":"https:\/\/www.europesays.com\/ch-fr\/wp-json\/wp\/v2\/types\/post"}],"author":[{"embeddable":true,"href":"https:\/\/www.europesays.com\/ch-fr\/wp-json\/wp\/v2\/users\/2"}],"replies":[{"embeddable":true,"href":"https:\/\/www.europesays.com\/ch-fr\/wp-json\/wp\/v2\/comments?post=280906"}],"version-history":[{"count":0,"href":"https:\/\/www.europesays.com\/ch-fr\/wp-json\/wp\/v2\/posts\/280906\/revisions"}],"wp:featuredmedia":[{"embeddable":true,"href":"https:\/\/www.europesays.com\/ch-fr\/wp-json\/wp\/v2\/media\/280907"}],"wp:attachment":[{"href":"https:\/\/www.europesays.com\/ch-fr\/wp-json\/wp\/v2\/media?parent=280906"}],"wp:term":[{"taxonomy":"category","embeddable":true,"href":"https:\/\/www.europesays.com\/ch-fr\/wp-json\/wp\/v2\/categories?post=280906"},{"taxonomy":"post_tag","embeddable":true,"href":"https:\/\/www.europesays.com\/ch-fr\/wp-json\/wp\/v2\/tags?post=280906"}],"curies":[{"name":"wp","href":"https:\/\/api.w.org\/{rel}","templated":true}]}}