{"id":281074,"date":"2026-08-28T16:54:08","date_gmt":"2026-08-28T16:54:08","guid":{"rendered":"https:\/\/www.europesays.com\/ch-fr\/281074\/"},"modified":"2026-08-28T16:54:08","modified_gmt":"2026-08-28T16:54:08","slug":"tour-despagne-andreas-leknessund-remporte-la-7e-etape","status":"publish","type":"post","link":"https:\/\/www.europesays.com\/ch-fr\/281074\/","title":{"rendered":"Tour d&rsquo;Espagne : Andreas Leknessund remporte la 7e \u00e9tape"},"content":{"rendered":"<p>Andreas Leknessund a remport\u00e9 la 7e \u00e9tape du Tour d&rsquo;Espagne entre Vall d&rsquo;Alba et Aramon Valdelinares sur 150km. Le Norv\u00e9gien de 27 ans a devanc\u00e9 son co\u00e9quipier et compatriote Tobias Johanessen.<\/p>\n<p>En cette journ\u00e9e de deuil national, les Norv\u00e9giens ont eu un petit surplus de motivation sur les hauteurs de Valdelinares. A pr\u00e8s de 2000 m\u00e8tres d&rsquo;altitude, les Scandinaves ont tout fait pour rendre le plus beau des hommages \u00e0 leur roi, Harald V, d\u00e9c\u00e9d\u00e9 ce vendredi matin \u00e0 89 ans. L&rsquo;\u00e9quipe Uno-X a r\u00e9ussi un magnifique doubl\u00e9. Leknessund a lui sign\u00e9 le plus grand succ\u00e8s de sa carri\u00e8re en ayant pass\u00e9 toute la carte devant.<\/p>\n<p>Et Tadej Pogacar? Le maillot rouge a pass\u00e9 une journ\u00e9e tranquille. Il a quand m\u00eame appuy\u00e9 sur les p\u00e9dales dans les derniers kilom\u00e8tres pour reprendre quelques secondes \u00e0 son dauphin Enric Mas.<\/p>\n<p>Samedi, la 8e \u00e9tape conduira les coureurs de Pu\u00e7ol \u00e0 Xeraco sur 171 km. Malgr\u00e9 une c\u00f4te de 3e cat\u00e9gorie \u00e0 plus de vingt kilom\u00e8tres de l&rsquo;arriv\u00e9e, la victoire semble promise \u00e0 un sprinteur.<\/p>\n<p class=\"sources\">ats\/tzing<\/p>\n","protected":false},"excerpt":{"rendered":"Andreas Leknessund a remport\u00e9 la 7e \u00e9tape du Tour d&rsquo;Espagne entre Vall d&rsquo;Alba et Aramon Valdelinares sur 150km.&hellip;\n","protected":false},"author":2,"featured_media":281075,"comment_status":"","ping_status":"","sticky":false,"template":"","format":"standard","meta":{"footnotes":"","_share_on_mastodon":"0"},"categories":[8],"tags":[32740,34760,1105,1107,795,466,186,75,23,15643,48631,31396,2085,34762,57529,18702],"class_list":["post-281074","post","type-post","status-publish","format-standard","has-post-thumbnail","category-sports","tag-7e-etape","tag-andreas-leknessund","tag-cyclisme","tag-etape","tag-norvege","tag-rts-sport","tag-sport","tag-sports","tag-suisse","tag-team-visma-lease-a-bike","tag-tobias-johannessen","tag-tour-despagne","tag-tout-le-sport","tag-uno-x-mobility","tag-world-tour-vuelta","tag-wout-van-aert"],"share_on_mastodon":{"url":"https:\/\/pubeurope.com\/@ch_fr\/117174184634798939","error":""},"_links":{"self":[{"href":"https:\/\/www.europesays.com\/ch-fr\/wp-json\/wp\/v2\/posts\/281074","targetHints":{"allow":["GET"]}}],"collection":[{"href":"https:\/\/www.europesays.com\/ch-fr\/wp-json\/wp\/v2\/posts"}],"about":[{"href":"https:\/\/www.europesays.com\/ch-fr\/wp-json\/wp\/v2\/types\/post"}],"author":[{"embeddable":true,"href":"https:\/\/www.europesays.com\/ch-fr\/wp-json\/wp\/v2\/users\/2"}],"replies":[{"embeddable":true,"href":"https:\/\/www.europesays.com\/ch-fr\/wp-json\/wp\/v2\/comments?post=281074"}],"version-history":[{"count":0,"href":"https:\/\/www.europesays.com\/ch-fr\/wp-json\/wp\/v2\/posts\/281074\/revisions"}],"wp:featuredmedia":[{"embeddable":true,"href":"https:\/\/www.europesays.com\/ch-fr\/wp-json\/wp\/v2\/media\/281075"}],"wp:attachment":[{"href":"https:\/\/www.europesays.com\/ch-fr\/wp-json\/wp\/v2\/media?parent=281074"}],"wp:term":[{"taxonomy":"category","embeddable":true,"href":"https:\/\/www.europesays.com\/ch-fr\/wp-json\/wp\/v2\/categories?post=281074"},{"taxonomy":"post_tag","embeddable":true,"href":"https:\/\/www.europesays.com\/ch-fr\/wp-json\/wp\/v2\/tags?post=281074"}],"curies":[{"name":"wp","href":"https:\/\/api.w.org\/{rel}","templated":true}]}}