{"id":281144,"date":"2026-08-28T17:52:09","date_gmt":"2026-08-28T17:52:09","guid":{"rendered":"https:\/\/www.europesays.com\/ch-fr\/281144\/"},"modified":"2026-08-28T17:52:09","modified_gmt":"2026-08-28T17:52:09","slug":"mondiaux-daviron-le-bronze-pour-ulrich-et-schweizer","status":"publish","type":"post","link":"https:\/\/www.europesays.com\/ch-fr\/281144\/","title":{"rendered":"Mondiaux d&rsquo;aviron : le bronze pour Ulrich et Schweizer"},"content":{"rendered":"<p>Salome Ulrich et Fabienne Schweizer ont d\u00e9croch\u00e9 la m\u00e9daille de bronze du deux de couple aux Mondiaux d&rsquo;Amsterdam. La victoire est all\u00e9e \u00e0 l&rsquo;Irlande devant les Pays-Bas.<\/p>\n<p>Quatri\u00e8mes l&rsquo;an dernier \u00e0 Shangha\u00ef, les deux Lucernoises n&rsquo;ont cette fois pas manqu\u00e9 la m\u00e9daille. Elles ont commenc\u00e9 sur un rythme l\u00e9g\u00e8rement moins soutenu que la concurrence, puisqu&rsquo;elles \u00e9taient quatri\u00e8mes apr\u00e8s 500m. Mais les deux rameuses ont hauss\u00e9 le rythme pour grimper d&rsquo;un rag \u00e0 la mi-course. Et cette troisi\u00e8me place, elles vont la garder jusqu&rsquo;au bout. Derri\u00e8re les Suissesses, les Polonaises ont perdu plus de cinq secondes.<\/p>\n<p>Devant, la victoire s&rsquo;est jou\u00e9e entre les N\u00e9erlandaises Roos De Jong et Benthe Boonstra, championnes du monde en titre et les Irlandaises Zoe Hyde et Margaret Cremen. Les r\u00e9gionales de l&rsquo;\u00e9tape ont tenu bon jusqu&rsquo;aux 1500m, mais elles ont d\u00fb c\u00e9der dans la derni\u00e8re portion de la course.<\/p>\n<p class=\"sources\">ats\/tzing<\/p>\n","protected":false},"excerpt":{"rendered":"Salome Ulrich et Fabienne Schweizer ont d\u00e9croch\u00e9 la m\u00e9daille de bronze du deux de couple aux Mondiaux d&rsquo;Amsterdam.&hellip;\n","protected":false},"author":2,"featured_media":281145,"comment_status":"","ping_status":"","sticky":false,"template":"","format":"standard","meta":{"footnotes":"","_share_on_mastodon":"0"},"categories":[8],"tags":[76,15897,6739,5211,756,186,75,23,1224],"class_list":["post-281144","post","type-post","status-publish","format-standard","has-post-thumbnail","category-sports","tag-autres-sports","tag-aviron","tag-championnat-du-monde","tag-irlande","tag-pays-bas","tag-sport","tag-sports","tag-suisse","tag-victoire"],"share_on_mastodon":{"url":"https:\/\/pubeurope.com\/@ch_fr\/117174412789603142","error":""},"_links":{"self":[{"href":"https:\/\/www.europesays.com\/ch-fr\/wp-json\/wp\/v2\/posts\/281144","targetHints":{"allow":["GET"]}}],"collection":[{"href":"https:\/\/www.europesays.com\/ch-fr\/wp-json\/wp\/v2\/posts"}],"about":[{"href":"https:\/\/www.europesays.com\/ch-fr\/wp-json\/wp\/v2\/types\/post"}],"author":[{"embeddable":true,"href":"https:\/\/www.europesays.com\/ch-fr\/wp-json\/wp\/v2\/users\/2"}],"replies":[{"embeddable":true,"href":"https:\/\/www.europesays.com\/ch-fr\/wp-json\/wp\/v2\/comments?post=281144"}],"version-history":[{"count":0,"href":"https:\/\/www.europesays.com\/ch-fr\/wp-json\/wp\/v2\/posts\/281144\/revisions"}],"wp:featuredmedia":[{"embeddable":true,"href":"https:\/\/www.europesays.com\/ch-fr\/wp-json\/wp\/v2\/media\/281145"}],"wp:attachment":[{"href":"https:\/\/www.europesays.com\/ch-fr\/wp-json\/wp\/v2\/media?parent=281144"}],"wp:term":[{"taxonomy":"category","embeddable":true,"href":"https:\/\/www.europesays.com\/ch-fr\/wp-json\/wp\/v2\/categories?post=281144"},{"taxonomy":"post_tag","embeddable":true,"href":"https:\/\/www.europesays.com\/ch-fr\/wp-json\/wp\/v2\/tags?post=281144"}],"curies":[{"name":"wp","href":"https:\/\/api.w.org\/{rel}","templated":true}]}}