{"id":281370,"date":"2026-08-28T20:59:11","date_gmt":"2026-08-28T20:59:11","guid":{"rendered":"https:\/\/www.europesays.com\/ch-fr\/281370\/"},"modified":"2026-08-28T20:59:11","modified_gmt":"2026-08-28T20:59:11","slug":"en-raison-dun-incendie-a-ecublens-la-ligne-ferroviaire-lausanne-geneve-subit-dimportantes-perturbations","status":"publish","type":"post","link":"https:\/\/www.europesays.com\/ch-fr\/281370\/","title":{"rendered":"En raison d\u2019un incendie \u00e0 Ecublens, la ligne ferroviaire Lausanne-Gen\u00e8ve subit d\u2019importantes perturbations"},"content":{"rendered":"<p>Le canton de Vaud a alert\u00e9 vendredi soir la population d\u2019un incendie accompagn\u00e9 d\u2019un fort d\u00e9gagement de fum\u00e9e \u00e0 Ecublens. Les flammes ont pris dans l\u2019entrep\u00f4t de l\u2019entreprise Th\u00e9venaz-Leduc, un centre de recyclage de m\u00e9taux et de d\u00e9chets industriels.<\/p>\n<p>L\u2019avis a \u00e9t\u00e9 diffus\u00e9 via la plateforme AlertSwiss. La population de l\u2019Ouest lausannois a \u00e9t\u00e9 invit\u00e9e \u00e0 fermer les fen\u00eatres et les portes et \u00e0 arr\u00eater les syst\u00e8mes de ventilation et de climatisation. Il est \u00e9galement recommand\u00e9 d\u2019\u00e9viter la zone concern\u00e9e et d\u2019informer les voisins, ajoute AlertSwiss.<\/p>\n<p>Lire aussi: <a href=\"https:\/\/www.letemps.ch\/articles\/de-saint-moritz-a-zermatt-a-bord-du-glacier-express-le-train-qui-faisait-parler-les-suisses-et-s-extasier-les-touristes\" rel=\"nofollow noopener\" target=\"_blank\">De Saint-Moritz \u00e0 Zermatt \u00e0 bord du Glacier Express, le train qui faisait parler les Suisses et s\u2019extasier les touristes<\/a>  <\/p>\n<p>A1 ferm\u00e9e dans les deux sens<\/p>\n<p>En raison des fortes fum\u00e9es, le trafic ferroviaire sur la ligne Lausanne-Gen\u00e8ve est interrompu entre Renens et Denges-Echandens, pr\u00e9cisent les CFF sur leur site internet. Tous les trains sont supprim\u00e9s. La perturbation devrait durer jusqu\u2019\u00e0 samedi matin, aux alentours de 05h00.<\/p>\n<p>L\u2019incendie a par ailleurs provoqu\u00e9 la fermeture de l\u2019autoroute A1 dans les deux sens, \u00e0 hauteur d\u2019Ecublens, indique le TCS.<\/p>\n","protected":false},"excerpt":{"rendered":"Le canton de Vaud a alert\u00e9 vendredi soir la population d\u2019un incendie accompagn\u00e9 d\u2019un fort d\u00e9gagement de fum\u00e9e&hellip;\n","protected":false},"author":2,"featured_media":281371,"comment_status":"","ping_status":"","sticky":false,"template":"","format":"standard","meta":{"footnotes":"","_share_on_mastodon":"0"},"categories":[4],"tags":[22,25,1093,21,23],"class_list":["post-281370","post","type-post","status-publish","format-standard","has-post-thumbnail","category-actualites","tag-actualites","tag-free","tag-mobilite","tag-news","tag-suisse"],"share_on_mastodon":{"url":"https:\/\/pubeurope.com\/@ch_fr\/117175147848510323","error":""},"_links":{"self":[{"href":"https:\/\/www.europesays.com\/ch-fr\/wp-json\/wp\/v2\/posts\/281370","targetHints":{"allow":["GET"]}}],"collection":[{"href":"https:\/\/www.europesays.com\/ch-fr\/wp-json\/wp\/v2\/posts"}],"about":[{"href":"https:\/\/www.europesays.com\/ch-fr\/wp-json\/wp\/v2\/types\/post"}],"author":[{"embeddable":true,"href":"https:\/\/www.europesays.com\/ch-fr\/wp-json\/wp\/v2\/users\/2"}],"replies":[{"embeddable":true,"href":"https:\/\/www.europesays.com\/ch-fr\/wp-json\/wp\/v2\/comments?post=281370"}],"version-history":[{"count":0,"href":"https:\/\/www.europesays.com\/ch-fr\/wp-json\/wp\/v2\/posts\/281370\/revisions"}],"wp:featuredmedia":[{"embeddable":true,"href":"https:\/\/www.europesays.com\/ch-fr\/wp-json\/wp\/v2\/media\/281371"}],"wp:attachment":[{"href":"https:\/\/www.europesays.com\/ch-fr\/wp-json\/wp\/v2\/media?parent=281370"}],"wp:term":[{"taxonomy":"category","embeddable":true,"href":"https:\/\/www.europesays.com\/ch-fr\/wp-json\/wp\/v2\/categories?post=281370"},{"taxonomy":"post_tag","embeddable":true,"href":"https:\/\/www.europesays.com\/ch-fr\/wp-json\/wp\/v2\/tags?post=281370"}],"curies":[{"name":"wp","href":"https:\/\/api.w.org\/{rel}","templated":true}]}}