{"id":281380,"date":"2026-08-28T21:14:08","date_gmt":"2026-08-28T21:14:08","guid":{"rendered":"https:\/\/www.europesays.com\/ch-fr\/281380\/"},"modified":"2026-08-28T21:14:08","modified_gmt":"2026-08-28T21:14:08","slug":"lex-banque-reyl-ne-sappelle-plus-reyl","status":"publish","type":"post","link":"https:\/\/www.europesays.com\/ch-fr\/281380\/","title":{"rendered":"L\u2019ex-banque Reyl ne s\u2019appelle plus Reyl"},"content":{"rendered":"<p>Le groupe bancaire italien Intesa Sanpaolo a retir\u00e9 le nom Reyl de l\u2019appellation de sa banque genevoise, jusque-l\u00e0 d\u00e9nomm\u00e9e Reyl Intesa Sanpaolo. L\u2019\u00e9tablissement s\u2019appelle d\u00e9sormais Intesa Sanpaolo Wealth Management Suisse, selon un communiqu\u00e9 du groupe italien diffus\u00e9 vendredi.<\/p>\n<p>Intesa Sanpaolo \u00e9tait devenue actionnaire majoritaire de la banque Reyl en 2021 pour la somme de 240\u00a0millions de francs, avant d\u2019en prendre le contr\u00f4le total en janvier 2026. La direction et le conseil d\u2019administration avaient alors \u00e9t\u00e9 largement renouvel\u00e9s, avec notamment la nomination d\u2019un directeur g\u00e9n\u00e9ral italien, Riccardo Barbarini, et le d\u00e9part de Fran\u00e7ois Reyl.<\/p>\n","protected":false},"excerpt":{"rendered":"Le groupe bancaire italien Intesa Sanpaolo a retir\u00e9 le nom Reyl de l\u2019appellation de sa banque genevoise, jusque-l\u00e0&hellip;\n","protected":false},"author":2,"featured_media":281381,"comment_status":"","ping_status":"","sticky":false,"template":"","format":"standard","meta":{"footnotes":"","_share_on_mastodon":"0"},"categories":[6],"tags":[1148,45,44,43,2082,174,23],"class_list":["post-281380","post","type-post","status-publish","format-standard","has-post-thumbnail","category-economie","tag-banques","tag-business","tag-economie","tag-economy","tag-gestion-de-fortune","tag-premium","tag-suisse"],"share_on_mastodon":{"url":"https:\/\/pubeurope.com\/@ch_fr\/117175206835480917","error":""},"_links":{"self":[{"href":"https:\/\/www.europesays.com\/ch-fr\/wp-json\/wp\/v2\/posts\/281380","targetHints":{"allow":["GET"]}}],"collection":[{"href":"https:\/\/www.europesays.com\/ch-fr\/wp-json\/wp\/v2\/posts"}],"about":[{"href":"https:\/\/www.europesays.com\/ch-fr\/wp-json\/wp\/v2\/types\/post"}],"author":[{"embeddable":true,"href":"https:\/\/www.europesays.com\/ch-fr\/wp-json\/wp\/v2\/users\/2"}],"replies":[{"embeddable":true,"href":"https:\/\/www.europesays.com\/ch-fr\/wp-json\/wp\/v2\/comments?post=281380"}],"version-history":[{"count":0,"href":"https:\/\/www.europesays.com\/ch-fr\/wp-json\/wp\/v2\/posts\/281380\/revisions"}],"wp:featuredmedia":[{"embeddable":true,"href":"https:\/\/www.europesays.com\/ch-fr\/wp-json\/wp\/v2\/media\/281381"}],"wp:attachment":[{"href":"https:\/\/www.europesays.com\/ch-fr\/wp-json\/wp\/v2\/media?parent=281380"}],"wp:term":[{"taxonomy":"category","embeddable":true,"href":"https:\/\/www.europesays.com\/ch-fr\/wp-json\/wp\/v2\/categories?post=281380"},{"taxonomy":"post_tag","embeddable":true,"href":"https:\/\/www.europesays.com\/ch-fr\/wp-json\/wp\/v2\/tags?post=281380"}],"curies":[{"name":"wp","href":"https:\/\/api.w.org\/{rel}","templated":true}]}}