{"id":281496,"date":"2026-08-29T05:31:26","date_gmt":"2026-08-29T05:31:26","guid":{"rendered":"https:\/\/www.europesays.com\/ch-fr\/281496\/"},"modified":"2026-08-29T05:31:26","modified_gmt":"2026-08-29T05:31:26","slug":"geneve-ce-week-end-le-grand-marche-paysan-avec-90-stands","status":"publish","type":"post","link":"https:\/\/www.europesays.com\/ch-fr\/281496\/","title":{"rendered":"Gen\u00e8ve. Ce week-end, le grand march\u00e9 paysan avec 90 stands"},"content":{"rendered":"<p>Toute la palette des produits genevois sera propos\u00e9e. Le grand march\u00e9 paysan de Festi\u2019Terroir s\u2019installera au parc des Bastions samedi\u00a029 et dimanche 30\u00a0ao\u00fbt. Dans le d\u00e9tail, mara\u00eechers, boucherie d\u2019\u00e9levage local, boulangeries, fromageries, brasseries et caves proposeront leurs denr\u00e9es et boissons. La vente de produits a lieu entre 10 heures et 19 heures, mais la restauration et la musique continuent jusqu\u2019\u00e0 22 heures le samedi soir. Parmi les nouveaut\u00e9s, la fondation suisse ProSpecieRara m\u00e8nera une action. Son r\u00f4le est de sauver et prot\u00e9ger les vari\u00e9t\u00e9s de l\u00e9gumes anciennes, rares et traditionnelles menac\u00e9es de disparition. Elle pr\u00e9sentera au public des \u00ab\u00a0vari\u00e9t\u00e9s de l\u00e9gumes v\u00e9ritablement genevoises\u00a0\u00bb comme la tomate de Chancy avec l\u2019oignon rouge de Gen\u00e8ve.<\/p>\n","protected":false},"excerpt":{"rendered":"Toute la palette des produits genevois sera propos\u00e9e. Le grand march\u00e9 paysan de Festi\u2019Terroir s\u2019installera au parc des&hellip;\n","protected":false},"author":2,"featured_media":281497,"comment_status":"","ping_status":"","sticky":false,"template":"","format":"standard","meta":{"footnotes":"","_share_on_mastodon":"0"},"categories":[17],"tags":[242,8981,9180,1321,44,3766,9179,170,169,1781,23],"class_list":["post-281496","post","type-post","status-publish","format-standard","has-post-thumbnail","category-geneve","tag-agriculture","tag-annemasse","tag-annemasse-bassin","tag-consommation","tag-economie","tag-edition-grand-geneve-chablais-ain","tag-frontaliers","tag-geneva","tag-geneve","tag-haute-savoie","tag-suisse"],"share_on_mastodon":{"url":"https:\/\/pubeurope.com\/@ch_fr\/117177161482073008","error":""},"_links":{"self":[{"href":"https:\/\/www.europesays.com\/ch-fr\/wp-json\/wp\/v2\/posts\/281496","targetHints":{"allow":["GET"]}}],"collection":[{"href":"https:\/\/www.europesays.com\/ch-fr\/wp-json\/wp\/v2\/posts"}],"about":[{"href":"https:\/\/www.europesays.com\/ch-fr\/wp-json\/wp\/v2\/types\/post"}],"author":[{"embeddable":true,"href":"https:\/\/www.europesays.com\/ch-fr\/wp-json\/wp\/v2\/users\/2"}],"replies":[{"embeddable":true,"href":"https:\/\/www.europesays.com\/ch-fr\/wp-json\/wp\/v2\/comments?post=281496"}],"version-history":[{"count":0,"href":"https:\/\/www.europesays.com\/ch-fr\/wp-json\/wp\/v2\/posts\/281496\/revisions"}],"wp:featuredmedia":[{"embeddable":true,"href":"https:\/\/www.europesays.com\/ch-fr\/wp-json\/wp\/v2\/media\/281497"}],"wp:attachment":[{"href":"https:\/\/www.europesays.com\/ch-fr\/wp-json\/wp\/v2\/media?parent=281496"}],"wp:term":[{"taxonomy":"category","embeddable":true,"href":"https:\/\/www.europesays.com\/ch-fr\/wp-json\/wp\/v2\/categories?post=281496"},{"taxonomy":"post_tag","embeddable":true,"href":"https:\/\/www.europesays.com\/ch-fr\/wp-json\/wp\/v2\/tags?post=281496"}],"curies":[{"name":"wp","href":"https:\/\/api.w.org\/{rel}","templated":true}]}}