{"id":281840,"date":"2026-08-29T10:15:11","date_gmt":"2026-08-29T10:15:11","guid":{"rendered":"https:\/\/www.europesays.com\/ch-fr\/281840\/"},"modified":"2026-08-29T10:15:11","modified_gmt":"2026-08-29T10:15:11","slug":"philippe-etchebest-audrey-fleurot-les-personnalites-se-succedent-dans-ce-grand-parc-dattractions-de-vendee","status":"publish","type":"post","link":"https:\/\/www.europesays.com\/ch-fr\/281840\/","title":{"rendered":"Philippe Etchebest, Audrey Fleurot : les personnalit\u00e9s se succ\u00e8dent dans ce grand parc d\u2019attractions de Vend\u00e9e"},"content":{"rendered":"<p>                    Par<\/p>\n<p>            <a href=\"https:\/\/actu.fr\/auteur\/brendan-martineau\" title=\"Consulter tous les articles de Brendan Martineau\" rel=\"nofollow noopener\" target=\"_blank\">Brendan Martineau<\/a><\/p>\n<p>        Publi\u00e9 le<\/p>\n<p>            29 ao\u00fbt 2026 \u00e0 11h15        <\/p>\n<p>Le succ\u00e8s du Puy du Fou ne se d\u00e9ment pas. Depuis plusieurs ann\u00e9es, le parc d\u2019attractions des <a href=\"https:\/\/actu.fr\/pays-de-la-loire\/les-epesses_85082\" rel=\"nofollow noopener\" target=\"_blank\">\u00c9pesses <\/a>attire un large public, notamment gr\u00e2ce aux nombreuses nouveaut\u00e9s qu\u2019il propose r\u00e9guli\u00e8rement. Parmi les visiteurs, certaines personnalit\u00e9s c\u00e9l\u00e8bres se m\u00ealent \u00e0 la foule.<\/p>\n<p>R\u00eaves dans un parc d\u2019attractions pour le chef de Cauchemar en cuisine<\/p>\n<p class=\" wall-content\">Le chef Philippe Etchebest, Meilleur Ouvrier de France et figure embl\u00e9matique de la gastronomie fran\u00e7aise, a r\u00e9cemment visit\u00e9 le parc vend\u00e9en. Quelques jours apr\u00e8s sa visite, il a exprim\u00e9 son enchantement :<\/p>\n<p>\u00ab\u2009Quel \u00e9merveillement. La beaut\u00e9 des spectacles, l\u2019\u00e9motion partag\u00e9e, une mani\u00e8re unique de faire rayonner la France. Merci \u00e0 toutes les \u00e9quipes du Puy du Fou pour cet accueil magique.\u2009\u00bb<\/p>\n<p>    <a href=\"https:\/\/www.facebook.com\/plugins\/post.php?href=https%3A%2F%2Fwww.facebook.com%2FChef.Etchebest%2Fposts%2Fpfbid036Y8s1nhFWVWXcGmwCETfGCBA6SpHu4JHFDpDmjTeejg2eJgi8sS11oovZgKBweVFl&amp;show_text=true&amp;width=350\" title=\"Ouvrie le lien\" rel=\"nofollow noopener\" target=\"_blank\">Cliquez ici pour visualiser le contenu<\/a><\/p>\n<p>La star de la s\u00e9rie HPI<\/p>\n<p class=\" wall-content\">Audrey Fleurot, connue notamment pour son r\u00f4le dans la s\u00e9rie HPI, a \u00e9galement \u00e9t\u00e9 aper\u00e7ue dans les all\u00e9es du parc. Entre les spectacles Le Signe du Triomphe, le drakkar des Vikings et Le Bal des Oiseaux Fant\u00f4mes, l\u2019actrice semble avoir appr\u00e9ci\u00e9 les nombreuses attractions du Puy du Fou. <a href=\"https:\/\/www.instagram.com\/reel\/DcN0fXvM1Dp\/?hl=fr\" rel=\"nofollow noopener\" target=\"_blank\">Elle a partag\u00e9 son exp\u00e9rience sur les r\u00e9seaux sociaux.<\/a><\/p>\n<p>Ycare, en amoureux de la Vend\u00e9e<\/p>\n<p class=\" wall-content\">Le chanteur Ycare, qui a pass\u00e9 une partie de son printemps en Vend\u00e9e, a \u00e9galement fait une halte au Puy du Fou.<\/p>\n<p>Vid\u00e9os : en ce moment sur Actu<\/p>\n<p class=\" wall-content\">Lors de sa visite, il a \u00e9t\u00e9 marqu\u00e9 par l\u2019ambiance et la magie des spectacles propos\u00e9s dans ce parc \u00e0 th\u00e8me situ\u00e9 au c\u0153ur du bocage vend\u00e9en. <a href=\"https:\/\/actu.fr\/pays-de-la-loire\/les-sables-d-olonne_85194\/ce-lundi-8-juin-le-chanteur-ycare-marchera-sur-les-chemins-du-secteur-des-sables-dolonne_64368049.html\" rel=\"nofollow noopener\" target=\"_blank\">Son attachement \u00e0 la r\u00e9gion y est \u00e9galement visible.<\/a><\/p>\n<p>    <a href=\"https:\/\/www.facebook.com\/plugins\/video.php?height=476&amp;href=https%3A%2F%2Fwww.facebook.com%2Freel%2F2214579669332097%2F&amp;show_text=false&amp;width=350&amp;t=0\" title=\"Ouvrie le lien\" rel=\"nofollow noopener\" target=\"_blank\">Cliquez ici pour visualiser le contenu<\/a><\/p>\n<p class=\" wall-content\">Personnalisez votre actualit\u00e9 en ajoutant vos villes et m\u00e9dias en favori avec <a href=\"https:\/\/moncompte.actu.fr\" title=\"D\u00e9couvez Mon Actu\" rel=\"nofollow noopener\" data-trk=\"{&quot;cta&quot;:{&quot;action&quot;:&quot;https:\\\/\\\/moncompte.actu.fr&quot;,&quot;category&quot;:&quot;mon compte&quot;,&quot;from&quot;:&quot;article footer&quot;,&quot;name&quot;:&quot;Mon actu&quot;,&quot;type&quot;:&quot;cta&quot;}}\" target=\"_blank\">Mon Actu<\/a>.<\/p>\n<p>                    <script async src=\"\/\/www.instagram.com\/embed.js\"><\/script><\/p>\n","protected":false},"excerpt":{"rendered":"Par Brendan Martineau Publi\u00e9 le 29 ao\u00fbt 2026 \u00e0 11h15 Le succ\u00e8s du Puy du Fou ne se&hellip;\n","protected":false},"author":2,"featured_media":281841,"comment_status":"","ping_status":"","sticky":false,"template":"","format":"standard","meta":{"footnotes":"","_share_on_mastodon":"0"},"categories":[15],"tags":[31647,158,157,113,112,973,159,5462,60550,23],"class_list":["post-281840","post","type-post","status-publish","format-standard","has-post-thumbnail","category-people","tag-audrey-fleurot","tag-celebrities","tag-celebrity","tag-divertissement","tag-entertainment","tag-insolite","tag-people","tag-philippe-etchebest","tag-puy-du-fou","tag-suisse"],"share_on_mastodon":{"url":"https:\/\/pubeurope.com\/@ch_fr\/117178278162398472","error":""},"_links":{"self":[{"href":"https:\/\/www.europesays.com\/ch-fr\/wp-json\/wp\/v2\/posts\/281840","targetHints":{"allow":["GET"]}}],"collection":[{"href":"https:\/\/www.europesays.com\/ch-fr\/wp-json\/wp\/v2\/posts"}],"about":[{"href":"https:\/\/www.europesays.com\/ch-fr\/wp-json\/wp\/v2\/types\/post"}],"author":[{"embeddable":true,"href":"https:\/\/www.europesays.com\/ch-fr\/wp-json\/wp\/v2\/users\/2"}],"replies":[{"embeddable":true,"href":"https:\/\/www.europesays.com\/ch-fr\/wp-json\/wp\/v2\/comments?post=281840"}],"version-history":[{"count":0,"href":"https:\/\/www.europesays.com\/ch-fr\/wp-json\/wp\/v2\/posts\/281840\/revisions"}],"wp:featuredmedia":[{"embeddable":true,"href":"https:\/\/www.europesays.com\/ch-fr\/wp-json\/wp\/v2\/media\/281841"}],"wp:attachment":[{"href":"https:\/\/www.europesays.com\/ch-fr\/wp-json\/wp\/v2\/media?parent=281840"}],"wp:term":[{"taxonomy":"category","embeddable":true,"href":"https:\/\/www.europesays.com\/ch-fr\/wp-json\/wp\/v2\/categories?post=281840"},{"taxonomy":"post_tag","embeddable":true,"href":"https:\/\/www.europesays.com\/ch-fr\/wp-json\/wp\/v2\/tags?post=281840"}],"curies":[{"name":"wp","href":"https:\/\/api.w.org\/{rel}","templated":true}]}}